{"id":114484,"date":"2023-01-26T13:36:23","date_gmt":"2023-01-26T16:36:23","guid":{"rendered":"https:\/\/eldiariodesanpedro.com.ar\/sitio\/?p=114484"},"modified":"2023-01-26T13:36:25","modified_gmt":"2023-01-26T16:36:25","slug":"circulaba-en-su-automovil-y-fue-embestido-por-otro-en-el-que-circulaban-delincuentes-que-le-quisieron-robar","status":"publish","type":"post","link":"https:\/\/eldiariodesanpedro.com.ar\/sitio\/circulaba-en-su-automovil-y-fue-embestido-por-otro-en-el-que-circulaban-delincuentes-que-le-quisieron-robar\/","title":{"rendered":"Circulaba en su autom\u00f3vil y fue embestido por otro en el que circulaban delincuentes que le quisieron robar"},"content":{"rendered":"<!-- VideographyWP Plugin Message: Automatic video embedding prevented by plugin options. -->\n\n<p>El hecho ocurrido el pasado mi\u00e9rcoles trascendi\u00f3 luego que el damnificado lo hiciera p\u00fablico a trav\u00e9s de redes sociales. All\u00ed cont\u00f3 como su auto fue colisionado por otro veh\u00edculo en el que se dirig\u00edan delincuentes armados que lo amedrentaron, tras el choque con el objetivo de robarle.\u00a0<\/p>\n\n\n\n<p>En ese sentido, el mensaje que se hizo viral en las \u00faltimas horas narra lo ocurrido:&nbsp;<em>\u00abBuenas noches no soy de pedir ayuda en estos casos pero tengo que acudir a la gente y la buena voluntad ya que la difusi\u00f3n tiene un poder mayor hoy en d\u00eda.<\/em><br><br><em>Entre las 11\/11:30 de la noche del d\u00eda mi\u00e9rcoles 25 de Enero en los sem\u00e1foros de Casella y el Fonavi un Peugeot 405 tuneado con flamas envisti\u00f3 mi auto para intentar sustraerme mis pertenencias y mi veh\u00edculo, el veh\u00edculo de mis padres, el transporte de mi familia.<\/em><br><br><em>Debido a la buena voluntad de la gente no se pudo llevar el robo a cabo, aunque, les asegur\u00f3 que el miedo de ver c\u00f3mo te apuntan a la cabeza es algo incomparable, es un miedo distinto.<\/em><br><br><em>Les pido de coraz\u00f3n que difundan esta historia&nbsp;para que se cuiden de estos asesinos ladrones<\/em><br><br><em>LLAMO AL BUEN JUICIO DE LA GENTE QUE SEPA, RECONONOZCA O UBIQUE AL DUE\u00d1O O SEPA DIRECCI\u00d3N, CALLE O BARRIO DONDE SE ENCUENTRE UN PEUGEOT 405 de color obscuro tuneado con flamas\u00bb.<\/em><\/p>\n","protected":false},"excerpt":{"rendered":"<p>El hecho ocurrido el pasado mi\u00e9rcoles trascendi\u00f3 luego que el damnificado lo hiciera p\u00fablico a trav\u00e9s de redes sociales. All\u00ed cont\u00f3 como su auto fue colisionado por otro veh\u00edculo en el que se dirig\u00edan delincuentes armados que lo amedrentaron, tras el choque con el objetivo de robarle.\u00a0 En ese sentido, el mensaje que se hizo [&hellip;]<\/p>\n","protected":false},"author":4,"featured_media":114485,"comment_status":"closed","ping_status":"closed","sticky":false,"template":"","format":"standard","meta":{"om_disable_all_campaigns":false,"_jetpack_memberships_contains_paid_content":false,"footnotes":""},"categories":[50,2,103],"tags":[197,33,95,19],"class_list":["post-114484","post","type-post","status-publish","format-standard","has-post-thumbnail","hentry","category-destacadas","category-locales","category-policiales-locales","tag-buenos-aires","tag-locales","tag-policiales","tag-san-pedro"],"aioseo_notices":[],"gutentor_comment":0,"jetpack_featured_media_url":"https:\/\/eldiariodesanpedro.com.ar\/sitio\/wp-content\/uploads\/2023\/01\/img_20230126_0913034239286420161764663.jpg","jetpack_shortlink":"https:\/\/wp.me\/p6RhLt-tMw","jetpack_sharing_enabled":true,"_links":{"self":[{"href":"https:\/\/eldiariodesanpedro.com.ar\/sitio\/wp-json\/wp\/v2\/posts\/114484","targetHints":{"allow":["GET"]}}],"collection":[{"href":"https:\/\/eldiariodesanpedro.com.ar\/sitio\/wp-json\/wp\/v2\/posts"}],"about":[{"href":"https:\/\/eldiariodesanpedro.com.ar\/sitio\/wp-json\/wp\/v2\/types\/post"}],"author":[{"embeddable":true,"href":"https:\/\/eldiariodesanpedro.com.ar\/sitio\/wp-json\/wp\/v2\/users\/4"}],"replies":[{"embeddable":true,"href":"https:\/\/eldiariodesanpedro.com.ar\/sitio\/wp-json\/wp\/v2\/comments?post=114484"}],"version-history":[{"count":1,"href":"https:\/\/eldiariodesanpedro.com.ar\/sitio\/wp-json\/wp\/v2\/posts\/114484\/revisions"}],"predecessor-version":[{"id":114486,"href":"https:\/\/eldiariodesanpedro.com.ar\/sitio\/wp-json\/wp\/v2\/posts\/114484\/revisions\/114486"}],"wp:featuredmedia":[{"embeddable":true,"href":"https:\/\/eldiariodesanpedro.com.ar\/sitio\/wp-json\/wp\/v2\/media\/114485"}],"wp:attachment":[{"href":"https:\/\/eldiariodesanpedro.com.ar\/sitio\/wp-json\/wp\/v2\/media?parent=114484"}],"wp:term":[{"taxonomy":"category","embeddable":true,"href":"https:\/\/eldiariodesanpedro.com.ar\/sitio\/wp-json\/wp\/v2\/categories?post=114484"},{"taxonomy":"post_tag","embeddable":true,"href":"https:\/\/eldiariodesanpedro.com.ar\/sitio\/wp-json\/wp\/v2\/tags?post=114484"}],"curies":[{"name":"wp","href":"https:\/\/api.w.org\/{rel}","templated":true}]}}