{"id":114468,"date":"2023-01-26T12:22:50","date_gmt":"2023-01-26T15:22:50","guid":{"rendered":"https:\/\/eldiariodesanpedro.com.ar\/sitio\/?p=114468"},"modified":"2023-01-26T12:42:43","modified_gmt":"2023-01-26T15:42:43","slug":"una-joven-mama-que-tiene-riesgo-de-vida-y-su-bebe-necesitan-colaboracion-economica-y-dadores-de-sangre","status":"publish","type":"post","link":"https:\/\/eldiariodesanpedro.com.ar\/sitio\/una-joven-mama-que-tiene-riesgo-de-vida-y-su-bebe-necesitan-colaboracion-economica-y-dadores-de-sangre\/","title":{"rendered":"Una joven mam\u00e1 que tiene riesgo de vida y su bebe necesitan colaboraci\u00f3n econ\u00f3mica y dadores de sangre"},"content":{"rendered":"<!-- VideographyWP Plugin Message: Automatic video embedding prevented by plugin options. -->\n\n<p>Este martes Yazmin Balague ingres\u00f3 al nosocomio local grave por una ataque de presi\u00f3n estando embarazada de 8 meses por lo que se le tuvo que practicar una ces\u00e1rea de urgencia, pero su vida contin\u00faa en grave estado, por su parte el bebe fue trasladado al Hospital San Felipe porque tambi\u00e9n presenta complicaci\u00f3n, por eso la familia solicita una colaboraci\u00f3n econ\u00f3mica para poder cubrir los gastos.<\/p>\n\n\n\n<p>La madre tiene 17 a\u00f1os de edad y dio a luz a su hijo prematuro de 35 semanas debido a un cuadro de presi\u00f3n alta que le afect\u00f3 el h\u00edgado y la visi\u00f3n quedando ciega moment\u00e1neamente. En la jornada de hoy ya presenta una leve mejor\u00eda pero desde el hospital se solicitan dadores de Sangre 0+, 0-, A+ y A- debido a la gran p\u00e9rdida que tuvo con las complicaciones en el h\u00edgado.<\/p>\n\n\n\n<p>Por su parte la bebe reci\u00e9n nacida fue trasladada al Hospital San Felipe por complicaciones al momento de nacer, donde permanece en incubadora hasta normalizar su situaci\u00f3n.<\/p>\n\n\n\n<p>La familia dispuso el CVU <strong>0000003100025317584502<\/strong> o el Alias <strong>Jakegael <\/strong>para quien pueda colaborar con lo que tenga para afrontar tantos los gastos de Yazmin como de su hijo en San Nicol\u00e1s.<\/p>\n","protected":false},"excerpt":{"rendered":"<p>Este martes Yazmin Balague ingres\u00f3 al nosocomio local grave por una ataque de presi\u00f3n estando embarazada de 8 meses por lo que se le tuvo que practicar una ces\u00e1rea de urgencia, pero su vida contin\u00faa en grave estado, por su parte el bebe fue trasladado al Hospital San Felipe porque tambi\u00e9n presenta complicaci\u00f3n, por eso [&hellip;]<\/p>\n","protected":false},"author":4,"featured_media":114469,"comment_status":"closed","ping_status":"closed","sticky":false,"template":"","format":"standard","meta":{"om_disable_all_campaigns":false,"_jetpack_memberships_contains_paid_content":false,"footnotes":""},"categories":[50,101,2],"tags":[197,696,33,19],"class_list":["post-114468","post","type-post","status-publish","format-standard","has-post-thumbnail","hentry","category-destacadas","category-interes-general-locales","category-locales","tag-buenos-aires","tag-interes-general","tag-locales","tag-san-pedro"],"aioseo_notices":[],"gutentor_comment":0,"jetpack_featured_media_url":"https:\/\/eldiariodesanpedro.com.ar\/sitio\/wp-content\/uploads\/2023\/01\/medida-2-33.jpg","jetpack_shortlink":"https:\/\/wp.me\/p6RhLt-tMg","jetpack_sharing_enabled":true,"_links":{"self":[{"href":"https:\/\/eldiariodesanpedro.com.ar\/sitio\/wp-json\/wp\/v2\/posts\/114468","targetHints":{"allow":["GET"]}}],"collection":[{"href":"https:\/\/eldiariodesanpedro.com.ar\/sitio\/wp-json\/wp\/v2\/posts"}],"about":[{"href":"https:\/\/eldiariodesanpedro.com.ar\/sitio\/wp-json\/wp\/v2\/types\/post"}],"author":[{"embeddable":true,"href":"https:\/\/eldiariodesanpedro.com.ar\/sitio\/wp-json\/wp\/v2\/users\/4"}],"replies":[{"embeddable":true,"href":"https:\/\/eldiariodesanpedro.com.ar\/sitio\/wp-json\/wp\/v2\/comments?post=114468"}],"version-history":[{"count":6,"href":"https:\/\/eldiariodesanpedro.com.ar\/sitio\/wp-json\/wp\/v2\/posts\/114468\/revisions"}],"predecessor-version":[{"id":114476,"href":"https:\/\/eldiariodesanpedro.com.ar\/sitio\/wp-json\/wp\/v2\/posts\/114468\/revisions\/114476"}],"wp:featuredmedia":[{"embeddable":true,"href":"https:\/\/eldiariodesanpedro.com.ar\/sitio\/wp-json\/wp\/v2\/media\/114469"}],"wp:attachment":[{"href":"https:\/\/eldiariodesanpedro.com.ar\/sitio\/wp-json\/wp\/v2\/media?parent=114468"}],"wp:term":[{"taxonomy":"category","embeddable":true,"href":"https:\/\/eldiariodesanpedro.com.ar\/sitio\/wp-json\/wp\/v2\/categories?post=114468"},{"taxonomy":"post_tag","embeddable":true,"href":"https:\/\/eldiariodesanpedro.com.ar\/sitio\/wp-json\/wp\/v2\/tags?post=114468"}],"curies":[{"name":"wp","href":"https:\/\/api.w.org\/{rel}","templated":true}]}}