{"id":114462,"date":"2023-01-26T11:48:17","date_gmt":"2023-01-26T14:48:17","guid":{"rendered":"https:\/\/eldiariodesanpedro.com.ar\/sitio\/?p=114462"},"modified":"2023-01-26T12:02:46","modified_gmt":"2023-01-26T15:02:46","slug":"delincuente-que-roba-vodka-en-los-supermercados","status":"publish","type":"post","link":"https:\/\/eldiariodesanpedro.com.ar\/sitio\/delincuente-que-roba-vodka-en-los-supermercados\/","title":{"rendered":"Delincuente que roba vodka en los supermercados"},"content":{"rendered":"<!-- VideographyWP Plugin Message: Automatic video embedding prevented by plugin options. -->\n\n<p>En la jornada de ayer por la noche un ciudadano entro a robar en un supermercado y se llevo dos botellas de Vodka, seg\u00fan informaron los efectivos policiales podr\u00eda haber sido el mismo que d\u00edas atr\u00e1s robo en un supermercado de capitales chinos.<\/p>\n\n\n\n<p>Este mi\u00e9rcoles por la noche alrededor de las 21 hs en el autoservicio el Pino ubicado en calle Saavedra y Las Provincias un joven mayor de edad ingreso y se robo meti\u00e9ndose dentro de su remera dos botellas de vodka Sky.<\/p>\n\n\n\n<p>Seg\u00fan informaron las autoridades podr\u00eda haber sido el mismo que d\u00edas atr\u00e1s robo en un supermercado de capitales chinos ubicados en calle Ituzaing\u00f3 casi Liniers una botella de Vodka y una de Fernet. <\/p>\n\n\n\n<p>La polic\u00eda investiga el hecho y ya tiene identificado al autor de los hechos.<\/p>\n\n\n\n<iframe data-src=\"https:\/\/www.facebook.com\/plugins\/video.php?height=314&#038;href=https%3A%2F%2Fwww.facebook.com%2Fdiariosp2%2Fvideos%2F1198027834441193%2F&#038;show_text=false&#038;width=560&#038;t=0\" width=\"560\" height=\"314\" style=\"border:none;overflow:hidden\" scrolling=\"no\" frameborder=\"0\" allowfullscreen=\"true\" allow=\"autoplay; clipboard-write; encrypted-media; picture-in-picture; web-share\" allowFullScreen=\"true\" src=\"data:image\/svg+xml;base64,PHN2ZyB3aWR0aD0iMSIgaGVpZ2h0PSIxIiB4bWxucz0iaHR0cDovL3d3dy53My5vcmcvMjAwMC9zdmciPjwvc3ZnPg==\" class=\"lazyload\" data-load-mode=\"1\"><\/iframe>\n","protected":false},"excerpt":{"rendered":"<p>En la jornada de ayer por la noche un ciudadano entro a robar en un supermercado y se llevo dos botellas de Vodka, seg\u00fan informaron los efectivos policiales podr\u00eda haber sido el mismo que d\u00edas atr\u00e1s robo en un supermercado de capitales chinos. Este mi\u00e9rcoles por la noche alrededor de las 21 hs en el [&hellip;]<\/p>\n","protected":false},"author":4,"featured_media":114463,"comment_status":"closed","ping_status":"closed","sticky":false,"template":"","format":"standard","meta":{"om_disable_all_campaigns":false,"_jetpack_memberships_contains_paid_content":false,"footnotes":""},"categories":[50,101,2],"tags":[197,696,33,19],"class_list":["post-114462","post","type-post","status-publish","format-standard","has-post-thumbnail","hentry","category-destacadas","category-interes-general-locales","category-locales","tag-buenos-aires","tag-interes-general","tag-locales","tag-san-pedro"],"aioseo_notices":[],"gutentor_comment":0,"jetpack_featured_media_url":"https:\/\/eldiariodesanpedro.com.ar\/sitio\/wp-content\/uploads\/2023\/01\/medida-2-32.jpg","jetpack_shortlink":"https:\/\/wp.me\/p6RhLt-tMa","jetpack_sharing_enabled":true,"_links":{"self":[{"href":"https:\/\/eldiariodesanpedro.com.ar\/sitio\/wp-json\/wp\/v2\/posts\/114462","targetHints":{"allow":["GET"]}}],"collection":[{"href":"https:\/\/eldiariodesanpedro.com.ar\/sitio\/wp-json\/wp\/v2\/posts"}],"about":[{"href":"https:\/\/eldiariodesanpedro.com.ar\/sitio\/wp-json\/wp\/v2\/types\/post"}],"author":[{"embeddable":true,"href":"https:\/\/eldiariodesanpedro.com.ar\/sitio\/wp-json\/wp\/v2\/users\/4"}],"replies":[{"embeddable":true,"href":"https:\/\/eldiariodesanpedro.com.ar\/sitio\/wp-json\/wp\/v2\/comments?post=114462"}],"version-history":[{"count":2,"href":"https:\/\/eldiariodesanpedro.com.ar\/sitio\/wp-json\/wp\/v2\/posts\/114462\/revisions"}],"predecessor-version":[{"id":114466,"href":"https:\/\/eldiariodesanpedro.com.ar\/sitio\/wp-json\/wp\/v2\/posts\/114462\/revisions\/114466"}],"wp:featuredmedia":[{"embeddable":true,"href":"https:\/\/eldiariodesanpedro.com.ar\/sitio\/wp-json\/wp\/v2\/media\/114463"}],"wp:attachment":[{"href":"https:\/\/eldiariodesanpedro.com.ar\/sitio\/wp-json\/wp\/v2\/media?parent=114462"}],"wp:term":[{"taxonomy":"category","embeddable":true,"href":"https:\/\/eldiariodesanpedro.com.ar\/sitio\/wp-json\/wp\/v2\/categories?post=114462"},{"taxonomy":"post_tag","embeddable":true,"href":"https:\/\/eldiariodesanpedro.com.ar\/sitio\/wp-json\/wp\/v2\/tags?post=114462"}],"curies":[{"name":"wp","href":"https:\/\/api.w.org\/{rel}","templated":true}]}}