{"id":114445,"date":"2023-01-25T17:03:36","date_gmt":"2023-01-25T20:03:36","guid":{"rendered":"https:\/\/eldiariodesanpedro.com.ar\/sitio\/?p=114445"},"modified":"2023-01-25T17:23:59","modified_gmt":"2023-01-25T20:23:59","slug":"un-camion-de-gran-altura-arranco-postes-y-cables","status":"publish","type":"post","link":"https:\/\/eldiariodesanpedro.com.ar\/sitio\/un-camion-de-gran-altura-arranco-postes-y-cables\/","title":{"rendered":"Un cami\u00f3n de gran altura arranco postes y cables"},"content":{"rendered":"<!-- VideographyWP Plugin Message: Automatic video embedding prevented by plugin options. -->\n\n<p>El hecho se produjo en Rivadavia e Irlanda, all\u00ed un cami\u00f3n de gran porte realiz\u00f3 un caos en la zona, provocando da\u00f1os a una empresa de telefon\u00eda.<\/p>\n\n\n\n<p>Su acoplado, tipo jaula para transporte de animales de gran altura engancho cort\u00f3 cables y tumbos tres postes dejando sin tel\u00e9fono e internet a una basta zona de donde se produjo el siniestro.<\/p>\n\n\n\n<p>Como no hubo da\u00f1o al bien p\u00fablico, el personal de la Direcci\u00f3n de Tr\u00e1nsito labr\u00f3 un acta que permitir\u00e1 a la empresa damnificada reclamar al seguro del rodado por los da\u00f1os causados.<\/p>\n\n\n\n<iframe data-src=\"https:\/\/www.facebook.com\/plugins\/video.php?height=314&#038;href=https%3A%2F%2Fwww.facebook.com%2Fdiariosp2%2Fvideos%2F969091714060569%2F&#038;show_text=false&#038;width=560&#038;t=0\" width=\"560\" height=\"314\" style=\"border:none;overflow:hidden\" scrolling=\"no\" frameborder=\"0\" allowfullscreen=\"true\" allow=\"autoplay; clipboard-write; encrypted-media; picture-in-picture; web-share\" allowFullScreen=\"true\" src=\"data:image\/svg+xml;base64,PHN2ZyB3aWR0aD0iMSIgaGVpZ2h0PSIxIiB4bWxucz0iaHR0cDovL3d3dy53My5vcmcvMjAwMC9zdmciPjwvc3ZnPg==\" class=\"lazyload\" data-load-mode=\"1\"><\/iframe>\n\n\n\n<iframe data-src=\"https:\/\/www.facebook.com\/plugins\/post.php?href=https%3A%2F%2Fwww.facebook.com%2Fdiariosp2%2Fposts%2Fpfbid0EcgMAdSLb4LPzbmnzsuLfVGCmkLk8uPTrmTgzM7Ce4RVqVnPopPset6LYhYnok5Hl&#038;show_text=true&#038;width=500\" width=\"500\" height=\"665\" style=\"border:none;overflow:hidden\" scrolling=\"no\" frameborder=\"0\" allowfullscreen=\"true\" allow=\"autoplay; clipboard-write; encrypted-media; picture-in-picture; web-share\" src=\"data:image\/svg+xml;base64,PHN2ZyB3aWR0aD0iMSIgaGVpZ2h0PSIxIiB4bWxucz0iaHR0cDovL3d3dy53My5vcmcvMjAwMC9zdmciPjwvc3ZnPg==\" class=\"lazyload\" data-load-mode=\"1\"><\/iframe>\n","protected":false},"excerpt":{"rendered":"<p>El hecho se produjo en Rivadavia e Irlanda, all\u00ed un cami\u00f3n de gran porte realiz\u00f3 un caos en la zona, provocando da\u00f1os a una empresa de telefon\u00eda. Su acoplado, tipo jaula para transporte de animales de gran altura engancho cort\u00f3 cables y tumbos tres postes dejando sin tel\u00e9fono e internet a una basta zona de [&hellip;]<\/p>\n","protected":false},"author":4,"featured_media":114446,"comment_status":"closed","ping_status":"closed","sticky":false,"template":"","format":"standard","meta":{"om_disable_all_campaigns":false,"_jetpack_memberships_contains_paid_content":false,"footnotes":""},"categories":[50,101,2],"tags":[197,696,33,19],"class_list":["post-114445","post","type-post","status-publish","format-standard","has-post-thumbnail","hentry","category-destacadas","category-interes-general-locales","category-locales","tag-buenos-aires","tag-interes-general","tag-locales","tag-san-pedro"],"aioseo_notices":[],"gutentor_comment":0,"jetpack_featured_media_url":"https:\/\/eldiariodesanpedro.com.ar\/sitio\/wp-content\/uploads\/2023\/01\/WhatsApp-Image-2023-01-25-at-13.44.54.jpeg","jetpack_shortlink":"https:\/\/wp.me\/p6RhLt-tLT","jetpack_sharing_enabled":true,"_links":{"self":[{"href":"https:\/\/eldiariodesanpedro.com.ar\/sitio\/wp-json\/wp\/v2\/posts\/114445","targetHints":{"allow":["GET"]}}],"collection":[{"href":"https:\/\/eldiariodesanpedro.com.ar\/sitio\/wp-json\/wp\/v2\/posts"}],"about":[{"href":"https:\/\/eldiariodesanpedro.com.ar\/sitio\/wp-json\/wp\/v2\/types\/post"}],"author":[{"embeddable":true,"href":"https:\/\/eldiariodesanpedro.com.ar\/sitio\/wp-json\/wp\/v2\/users\/4"}],"replies":[{"embeddable":true,"href":"https:\/\/eldiariodesanpedro.com.ar\/sitio\/wp-json\/wp\/v2\/comments?post=114445"}],"version-history":[{"count":3,"href":"https:\/\/eldiariodesanpedro.com.ar\/sitio\/wp-json\/wp\/v2\/posts\/114445\/revisions"}],"predecessor-version":[{"id":114449,"href":"https:\/\/eldiariodesanpedro.com.ar\/sitio\/wp-json\/wp\/v2\/posts\/114445\/revisions\/114449"}],"wp:featuredmedia":[{"embeddable":true,"href":"https:\/\/eldiariodesanpedro.com.ar\/sitio\/wp-json\/wp\/v2\/media\/114446"}],"wp:attachment":[{"href":"https:\/\/eldiariodesanpedro.com.ar\/sitio\/wp-json\/wp\/v2\/media?parent=114445"}],"wp:term":[{"taxonomy":"category","embeddable":true,"href":"https:\/\/eldiariodesanpedro.com.ar\/sitio\/wp-json\/wp\/v2\/categories?post=114445"},{"taxonomy":"post_tag","embeddable":true,"href":"https:\/\/eldiariodesanpedro.com.ar\/sitio\/wp-json\/wp\/v2\/tags?post=114445"}],"curies":[{"name":"wp","href":"https:\/\/api.w.org\/{rel}","templated":true}]}}