{"id":114444,"date":"2023-01-25T17:26:31","date_gmt":"2023-01-25T20:26:31","guid":{"rendered":"https:\/\/eldiariodesanpedro.com.ar\/sitio\/?p=114444"},"modified":"2023-01-25T17:26:33","modified_gmt":"2023-01-25T20:26:33","slug":"talentos-de-san-pedro-suma-nuevos-semifinalistas-y-el-sabado-se-presenta-una-nueva-funcion","status":"publish","type":"post","link":"https:\/\/eldiariodesanpedro.com.ar\/sitio\/talentos-de-san-pedro-suma-nuevos-semifinalistas-y-el-sabado-se-presenta-una-nueva-funcion\/","title":{"rendered":"Talentos de San Pedro suma nuevos semifinalistas y el s\u00e1bado se presenta una nueva funci\u00f3n"},"content":{"rendered":"<!-- VideographyWP Plugin Message: Automatic video embedding prevented by plugin options. -->\n\n<p>Con la conducci\u00f3n de Rodrigo Lussich se presenta este s\u00e1bado una nueva funci\u00f3n del espect\u00e1culo que impulsa a los talentos de nuestra ciudad mientras participan por un premio de $200 mil pesos.<\/p>\n\n\n\n<p>Durante cada presentaci\u00f3n un jurado compuesto por el m\u00fasico sampedrino, Pablo junto a diferentes artistas nacionales y locales invitados a cada jornada, seleccionan semifinalistas que competir\u00e1n al final de la temporada por el primer premio.<\/p>\n\n\n\n<p>Anita Laserna, fue la primera seleccionada durante el estreno del espect\u00e1culo, el siguiente s\u00e1bado, en una jornada muy igualada Reyna Camarasa, Mart\u00edn Garc\u00eda y Antonela Constanzo pasaron a semifinales tras un empate y el pasado fin de semana se sumaron los participantes del grupo de malambo compuesto por Genaro Correa, Santiago Orellana, Juan Cruz Gonz\u00e1lez y Juan Bautista Gonz\u00e1lez. Este s\u00e1bado desde las 22.30 hs. se podr\u00e1 presenciar la cuarta presentaci\u00f3n en el Centro Cultural Abelardo Castillo.<\/p>\n\n\n\n<p>El costo de la entrada es de $500 pero quienes hayan adquirido la entrada del espect\u00e1culo \u201cCosas que no se deben decir\u201d que se presenta previamente en el Centro Cultural con un costo de $1000, podr\u00e1n ingresar a la funci\u00f3n de \u201cTalentos de San Pedro\u201d con la misma entrada.<\/p>\n\n\n\n<figure class=\"wp-block-image size-full\"><img decoding=\"async\" width=\"1019\" height=\"484\" data-attachment-id=\"114452\" data-permalink=\"https:\/\/eldiariodesanpedro.com.ar\/sitio\/talentos-de-san-pedro-suma-nuevos-semifinalistas-y-el-sabado-se-presenta-una-nueva-funcion\/whatsapp-image-2023-01-25-at-11-47-49-1\/\" data-orig-file=\"https:\/\/eldiariodesanpedro.com.ar\/sitio\/wp-content\/uploads\/2023\/01\/WhatsApp-Image-2023-01-25-at-11.47.49-1.jpeg\" data-orig-size=\"1019,484\" data-comments-opened=\"0\" data-image-meta=\"{&quot;aperture&quot;:&quot;0&quot;,&quot;credit&quot;:&quot;&quot;,&quot;camera&quot;:&quot;&quot;,&quot;caption&quot;:&quot;&quot;,&quot;created_timestamp&quot;:&quot;0&quot;,&quot;copyright&quot;:&quot;&quot;,&quot;focal_length&quot;:&quot;0&quot;,&quot;iso&quot;:&quot;0&quot;,&quot;shutter_speed&quot;:&quot;0&quot;,&quot;title&quot;:&quot;&quot;,&quot;orientation&quot;:&quot;0&quot;}\" data-image-title=\"WhatsApp Image 2023-01-25 at 11.47.49 (1)\" data-image-description=\"\" data-image-caption=\"\" data-large-file=\"https:\/\/eldiariodesanpedro.com.ar\/sitio\/wp-content\/uploads\/2023\/01\/WhatsApp-Image-2023-01-25-at-11.47.49-1.jpeg\" data-src=\"https:\/\/eldiariodesanpedro.com.ar\/sitio\/wp-content\/uploads\/2023\/01\/WhatsApp-Image-2023-01-25-at-11.47.49-1.jpeg\" alt=\"\" class=\"wp-image-114452 lazyload\" data-srcset=\"https:\/\/eldiariodesanpedro.com.ar\/sitio\/wp-content\/uploads\/2023\/01\/WhatsApp-Image-2023-01-25-at-11.47.49-1.jpeg 1019w, https:\/\/eldiariodesanpedro.com.ar\/sitio\/wp-content\/uploads\/2023\/01\/WhatsApp-Image-2023-01-25-at-11.47.49-1-300x142.jpeg 300w, https:\/\/eldiariodesanpedro.com.ar\/sitio\/wp-content\/uploads\/2023\/01\/WhatsApp-Image-2023-01-25-at-11.47.49-1-768x365.jpeg 768w\" data-sizes=\"(max-width: 1019px) 100vw, 1019px\" src=\"data:image\/svg+xml;base64,PHN2ZyB3aWR0aD0iMSIgaGVpZ2h0PSIxIiB4bWxucz0iaHR0cDovL3d3dy53My5vcmcvMjAwMC9zdmciPjwvc3ZnPg==\" style=\"--smush-placeholder-width: 1019px; --smush-placeholder-aspect-ratio: 1019\/484;\" \/><\/figure>\n\n\n\n<figure class=\"wp-block-image size-large\"><img decoding=\"async\" width=\"1024\" height=\"483\" data-attachment-id=\"114451\" data-permalink=\"https:\/\/eldiariodesanpedro.com.ar\/sitio\/talentos-de-san-pedro-suma-nuevos-semifinalistas-y-el-sabado-se-presenta-una-nueva-funcion\/whatsapp-image-2023-01-25-at-11-47-47\/\" data-orig-file=\"https:\/\/eldiariodesanpedro.com.ar\/sitio\/wp-content\/uploads\/2023\/01\/WhatsApp-Image-2023-01-25-at-11.47.47.jpeg\" data-orig-size=\"1200,566\" data-comments-opened=\"0\" data-image-meta=\"{&quot;aperture&quot;:&quot;0&quot;,&quot;credit&quot;:&quot;&quot;,&quot;camera&quot;:&quot;&quot;,&quot;caption&quot;:&quot;&quot;,&quot;created_timestamp&quot;:&quot;0&quot;,&quot;copyright&quot;:&quot;&quot;,&quot;focal_length&quot;:&quot;0&quot;,&quot;iso&quot;:&quot;0&quot;,&quot;shutter_speed&quot;:&quot;0&quot;,&quot;title&quot;:&quot;&quot;,&quot;orientation&quot;:&quot;0&quot;}\" data-image-title=\"WhatsApp Image 2023-01-25 at 11.47.47\" data-image-description=\"\" data-image-caption=\"\" data-large-file=\"https:\/\/eldiariodesanpedro.com.ar\/sitio\/wp-content\/uploads\/2023\/01\/WhatsApp-Image-2023-01-25-at-11.47.47-1024x483.jpeg\" data-src=\"https:\/\/eldiariodesanpedro.com.ar\/sitio\/wp-content\/uploads\/2023\/01\/WhatsApp-Image-2023-01-25-at-11.47.47-1024x483.jpeg\" alt=\"\" class=\"wp-image-114451 lazyload\" data-srcset=\"https:\/\/eldiariodesanpedro.com.ar\/sitio\/wp-content\/uploads\/2023\/01\/WhatsApp-Image-2023-01-25-at-11.47.47-1024x483.jpeg 1024w, https:\/\/eldiariodesanpedro.com.ar\/sitio\/wp-content\/uploads\/2023\/01\/WhatsApp-Image-2023-01-25-at-11.47.47-300x142.jpeg 300w, https:\/\/eldiariodesanpedro.com.ar\/sitio\/wp-content\/uploads\/2023\/01\/WhatsApp-Image-2023-01-25-at-11.47.47-768x362.jpeg 768w, https:\/\/eldiariodesanpedro.com.ar\/sitio\/wp-content\/uploads\/2023\/01\/WhatsApp-Image-2023-01-25-at-11.47.47.jpeg 1200w\" data-sizes=\"(max-width: 1024px) 100vw, 1024px\" src=\"data:image\/svg+xml;base64,PHN2ZyB3aWR0aD0iMSIgaGVpZ2h0PSIxIiB4bWxucz0iaHR0cDovL3d3dy53My5vcmcvMjAwMC9zdmciPjwvc3ZnPg==\" style=\"--smush-placeholder-width: 1024px; --smush-placeholder-aspect-ratio: 1024\/483;\" \/><\/figure>\n","protected":false},"excerpt":{"rendered":"<p>Con la conducci\u00f3n de Rodrigo Lussich se presenta este s\u00e1bado una nueva funci\u00f3n del espect\u00e1culo que impulsa a los talentos de nuestra ciudad mientras participan por un premio de $200 mil pesos. Durante cada presentaci\u00f3n un jurado compuesto por el m\u00fasico sampedrino, Pablo junto a diferentes artistas nacionales y locales invitados a cada jornada, seleccionan [&hellip;]<\/p>\n","protected":false},"author":4,"featured_media":114453,"comment_status":"closed","ping_status":"closed","sticky":false,"template":"","format":"standard","meta":{"om_disable_all_campaigns":false,"_jetpack_memberships_contains_paid_content":false,"footnotes":""},"categories":[101,2],"tags":[197,696,33,19],"class_list":["post-114444","post","type-post","status-publish","format-standard","has-post-thumbnail","hentry","category-interes-general-locales","category-locales","tag-buenos-aires","tag-interes-general","tag-locales","tag-san-pedro"],"aioseo_notices":[],"gutentor_comment":0,"jetpack_featured_media_url":"https:\/\/eldiariodesanpedro.com.ar\/sitio\/wp-content\/uploads\/2023\/01\/WhatsApp-Image-2023-01-25-at-11.47.49.jpeg","jetpack_shortlink":"https:\/\/wp.me\/p6RhLt-tLS","jetpack_sharing_enabled":true,"_links":{"self":[{"href":"https:\/\/eldiariodesanpedro.com.ar\/sitio\/wp-json\/wp\/v2\/posts\/114444","targetHints":{"allow":["GET"]}}],"collection":[{"href":"https:\/\/eldiariodesanpedro.com.ar\/sitio\/wp-json\/wp\/v2\/posts"}],"about":[{"href":"https:\/\/eldiariodesanpedro.com.ar\/sitio\/wp-json\/wp\/v2\/types\/post"}],"author":[{"embeddable":true,"href":"https:\/\/eldiariodesanpedro.com.ar\/sitio\/wp-json\/wp\/v2\/users\/4"}],"replies":[{"embeddable":true,"href":"https:\/\/eldiariodesanpedro.com.ar\/sitio\/wp-json\/wp\/v2\/comments?post=114444"}],"version-history":[{"count":1,"href":"https:\/\/eldiariodesanpedro.com.ar\/sitio\/wp-json\/wp\/v2\/posts\/114444\/revisions"}],"predecessor-version":[{"id":114454,"href":"https:\/\/eldiariodesanpedro.com.ar\/sitio\/wp-json\/wp\/v2\/posts\/114444\/revisions\/114454"}],"wp:featuredmedia":[{"embeddable":true,"href":"https:\/\/eldiariodesanpedro.com.ar\/sitio\/wp-json\/wp\/v2\/media\/114453"}],"wp:attachment":[{"href":"https:\/\/eldiariodesanpedro.com.ar\/sitio\/wp-json\/wp\/v2\/media?parent=114444"}],"wp:term":[{"taxonomy":"category","embeddable":true,"href":"https:\/\/eldiariodesanpedro.com.ar\/sitio\/wp-json\/wp\/v2\/categories?post=114444"},{"taxonomy":"post_tag","embeddable":true,"href":"https:\/\/eldiariodesanpedro.com.ar\/sitio\/wp-json\/wp\/v2\/tags?post=114444"}],"curies":[{"name":"wp","href":"https:\/\/api.w.org\/{rel}","templated":true}]}}