{"id":114403,"date":"2023-01-24T11:54:22","date_gmt":"2023-01-24T14:54:22","guid":{"rendered":"https:\/\/eldiariodesanpedro.com.ar\/sitio\/?p=114403"},"modified":"2023-01-24T11:54:24","modified_gmt":"2023-01-24T14:54:24","slug":"san-nicolas-el-asesino-en-serie-robledo-puch-quedaria-en-libertad-y-viviria-en-san-nicolas","status":"publish","type":"post","link":"https:\/\/eldiariodesanpedro.com.ar\/sitio\/san-nicolas-el-asesino-en-serie-robledo-puch-quedaria-en-libertad-y-viviria-en-san-nicolas\/","title":{"rendered":"SAN NICOLAS | El asesino en serie Robledo Puch quedar\u00eda en libertad y vivir\u00eda en San Nicolas"},"content":{"rendered":"<!-- VideographyWP Plugin Message: Automatic video embedding prevented by plugin options. -->\n\n<p><strong>Este lunes, el periodista Ra\u00fal Kollman asegur\u00f3 que pidieron el traslado de Robledo Puch. Esta semana podr\u00eda definirse su llegada a San Nicol\u00e1s.<\/strong><\/p>\n\n\n\n<p>En los pr\u00f3ximos d\u00edas se podr\u00eda definir la llegada de Robledo Puch a\u00a0San Nicol\u00e1s. Seg\u00fan consigno el periodista Ra\u00fal Kollman, esta ma\u00f1ana se present\u00f3 el pedido de traslado para el asesino serial. Crece la expectativa por el supuesto arribo a un asilo nicole\u00f1o.<\/p>\n\n\n\n<p>\u201cAcaban de presentar el pedido de traslado de Robledo Puch a un hogar de ancianos. Se le dar\u00e1 vista a la curadora, inspecci\u00f3n del hogar, etc\u201d, consign\u00f3 el cronista en su cuenta de\u00a0Twitter.\u00a0Por el momento, el conocido como \u201c\u00c1ngel de la muerte\u201d contin\u00faa preso en el penal de Olmos, en una reclusi\u00f3n de m\u00e1s de 50 a\u00f1os.<\/p>\n\n\n\n<p>El pasado viernes, junto a sus abogados dieron el consentimiento para ser enviado a un hogar para personas de la tercera edad. Con estos datos, aumentan las posibilidades de que sus garantes sean mujeres de San Nicol\u00e1s.<\/p>\n\n\n\n<p>Seg\u00fan la informaci\u00f3n recabada por Diario El Norte, Puch podr\u00eda llegar a una especia de hogar radicado en la zona norte de la ciudad. En el mismo, seg\u00fan cuentan sus abogados, contar\u00eda con la contenci\u00f3n religioso de un p\u00e1rroco local.<\/p>\n\n\n\n<h2 class=\"wp-block-heading\"><strong>Amistad por carta<\/strong><\/h2>\n\n\n\n<p>La historia entre el asesino serial, y una de las mujeres nicole\u00f1as data de a\u00f1os. Todo habr\u00eda comenzado con un intercambio de cartas entre ambos. A partir de all\u00ed, ambos llegaron al punto de lograr una amistad.<\/p>\n\n\n\n<p>Sin embargo, esta garante no lo recibir\u00e1 en su vivienda. Por lo que Robledo Puch estar\u00eda llegando a un geri\u00e1trico ubicado a pocas cuadras de su \u201camiga\u201d.<\/p>\n\n\n\n<p>Por el momento no se ha identificado este asilo, pero si existe informaci\u00f3n de este medio que podr\u00eda relacionarse con un sacerdote apodado \u201cTurco\u201d. El mismo brindar\u00eda misas en dos parroquias ubicadas en barrio San Mart\u00edn y Santa Clara, en la regi\u00f3n norte de San Nicol\u00e1s.<\/p>\n\n\n\n<p>Fuente: Diario el Norte<\/p>\n","protected":false},"excerpt":{"rendered":"<p>Este lunes, el periodista Ra\u00fal Kollman asegur\u00f3 que pidieron el traslado de Robledo Puch. Esta semana podr\u00eda definirse su llegada a San Nicol\u00e1s. En los pr\u00f3ximos d\u00edas se podr\u00eda definir la llegada de Robledo Puch a\u00a0San Nicol\u00e1s. Seg\u00fan consigno el periodista Ra\u00fal Kollman, esta ma\u00f1ana se present\u00f3 el pedido de traslado para el asesino serial. [&hellip;]<\/p>\n","protected":false},"author":4,"featured_media":114404,"comment_status":"closed","ping_status":"closed","sticky":false,"template":"","format":"standard","meta":{"om_disable_all_campaigns":false,"_jetpack_memberships_contains_paid_content":false,"footnotes":""},"categories":[621],"tags":[197,33,681,19],"class_list":["post-114403","post","type-post","status-publish","format-standard","has-post-thumbnail","hentry","category-regionales","tag-buenos-aires","tag-locales","tag-regionales","tag-san-pedro"],"aioseo_notices":[],"gutentor_comment":0,"jetpack_featured_media_url":"https:\/\/eldiariodesanpedro.com.ar\/sitio\/wp-content\/uploads\/2023\/01\/carlos-robledo-puch-g20220204-1308308-1024x576-1.jpg","jetpack_shortlink":"https:\/\/wp.me\/p6RhLt-tLd","jetpack_sharing_enabled":true,"_links":{"self":[{"href":"https:\/\/eldiariodesanpedro.com.ar\/sitio\/wp-json\/wp\/v2\/posts\/114403","targetHints":{"allow":["GET"]}}],"collection":[{"href":"https:\/\/eldiariodesanpedro.com.ar\/sitio\/wp-json\/wp\/v2\/posts"}],"about":[{"href":"https:\/\/eldiariodesanpedro.com.ar\/sitio\/wp-json\/wp\/v2\/types\/post"}],"author":[{"embeddable":true,"href":"https:\/\/eldiariodesanpedro.com.ar\/sitio\/wp-json\/wp\/v2\/users\/4"}],"replies":[{"embeddable":true,"href":"https:\/\/eldiariodesanpedro.com.ar\/sitio\/wp-json\/wp\/v2\/comments?post=114403"}],"version-history":[{"count":1,"href":"https:\/\/eldiariodesanpedro.com.ar\/sitio\/wp-json\/wp\/v2\/posts\/114403\/revisions"}],"predecessor-version":[{"id":114405,"href":"https:\/\/eldiariodesanpedro.com.ar\/sitio\/wp-json\/wp\/v2\/posts\/114403\/revisions\/114405"}],"wp:featuredmedia":[{"embeddable":true,"href":"https:\/\/eldiariodesanpedro.com.ar\/sitio\/wp-json\/wp\/v2\/media\/114404"}],"wp:attachment":[{"href":"https:\/\/eldiariodesanpedro.com.ar\/sitio\/wp-json\/wp\/v2\/media?parent=114403"}],"wp:term":[{"taxonomy":"category","embeddable":true,"href":"https:\/\/eldiariodesanpedro.com.ar\/sitio\/wp-json\/wp\/v2\/categories?post=114403"},{"taxonomy":"post_tag","embeddable":true,"href":"https:\/\/eldiariodesanpedro.com.ar\/sitio\/wp-json\/wp\/v2\/tags?post=114403"}],"curies":[{"name":"wp","href":"https:\/\/api.w.org\/{rel}","templated":true}]}}