{"id":114400,"date":"2023-01-24T11:40:02","date_gmt":"2023-01-24T14:40:02","guid":{"rendered":"https:\/\/eldiariodesanpedro.com.ar\/sitio\/?p=114400"},"modified":"2023-01-24T11:40:04","modified_gmt":"2023-01-24T14:40:04","slug":"san-pedro-destacado-entre-las-opciones-de-la-provincia-en-los-medios-nacionales","status":"publish","type":"post","link":"https:\/\/eldiariodesanpedro.com.ar\/sitio\/san-pedro-destacado-entre-las-opciones-de-la-provincia-en-los-medios-nacionales\/","title":{"rendered":"San Pedro destacado entre las opciones de la provincia en los medios nacionales"},"content":{"rendered":"<!-- VideographyWP Plugin Message: Automatic video embedding prevented by plugin options. -->\n\n<p>Con la Fiesta del Durazno y la Producci\u00f3n como principal atractivo dentro de las opciones de la provincia, los medios nacionales destacaron a San Pedro entre las variadas ofertas tur\u00edsticas para visitar.<\/p>\n\n\n\n<p>El gran trabajo de la Secretar\u00eda de Turismo y Cultura y el acompa\u00f1amiento de todas las \u00e1reas del gobierno municipal encabezado por el Intendente Ram\u00f3n Salazar junto al Club Agricultores de Gobernador Castro han visto reconocido el esfuerzo.<\/p>\n\n\n\n<p>Se vienen nuevas propuestas y fines de semana que captar\u00e1n el inter\u00e9s de los visitantes, sumado a la repercusi\u00f3n period\u00edstica, San Pedro sigue apostando al turismo como uno de los ejes m\u00e1s importantes de nuestra ciudad.<\/p>\n","protected":false},"excerpt":{"rendered":"<p>Con la Fiesta del Durazno y la Producci\u00f3n como principal atractivo dentro de las opciones de la provincia, los medios nacionales destacaron a San Pedro entre las variadas ofertas tur\u00edsticas para visitar. El gran trabajo de la Secretar\u00eda de Turismo y Cultura y el acompa\u00f1amiento de todas las \u00e1reas del gobierno municipal encabezado por el [&hellip;]<\/p>\n","protected":false},"author":4,"featured_media":114401,"comment_status":"closed","ping_status":"closed","sticky":false,"template":"","format":"standard","meta":{"om_disable_all_campaigns":false,"_jetpack_memberships_contains_paid_content":false,"footnotes":""},"categories":[50,101,2],"tags":[197,696,33,19],"class_list":["post-114400","post","type-post","status-publish","format-standard","has-post-thumbnail","hentry","category-destacadas","category-interes-general-locales","category-locales","tag-buenos-aires","tag-interes-general","tag-locales","tag-san-pedro"],"aioseo_notices":[],"gutentor_comment":0,"jetpack_featured_media_url":"https:\/\/eldiariodesanpedro.com.ar\/sitio\/wp-content\/uploads\/2023\/01\/WhatsApp-Image-2023-01-24-at-11.34.01.jpeg","jetpack_shortlink":"https:\/\/wp.me\/p6RhLt-tLa","jetpack_sharing_enabled":true,"_links":{"self":[{"href":"https:\/\/eldiariodesanpedro.com.ar\/sitio\/wp-json\/wp\/v2\/posts\/114400","targetHints":{"allow":["GET"]}}],"collection":[{"href":"https:\/\/eldiariodesanpedro.com.ar\/sitio\/wp-json\/wp\/v2\/posts"}],"about":[{"href":"https:\/\/eldiariodesanpedro.com.ar\/sitio\/wp-json\/wp\/v2\/types\/post"}],"author":[{"embeddable":true,"href":"https:\/\/eldiariodesanpedro.com.ar\/sitio\/wp-json\/wp\/v2\/users\/4"}],"replies":[{"embeddable":true,"href":"https:\/\/eldiariodesanpedro.com.ar\/sitio\/wp-json\/wp\/v2\/comments?post=114400"}],"version-history":[{"count":1,"href":"https:\/\/eldiariodesanpedro.com.ar\/sitio\/wp-json\/wp\/v2\/posts\/114400\/revisions"}],"predecessor-version":[{"id":114402,"href":"https:\/\/eldiariodesanpedro.com.ar\/sitio\/wp-json\/wp\/v2\/posts\/114400\/revisions\/114402"}],"wp:featuredmedia":[{"embeddable":true,"href":"https:\/\/eldiariodesanpedro.com.ar\/sitio\/wp-json\/wp\/v2\/media\/114401"}],"wp:attachment":[{"href":"https:\/\/eldiariodesanpedro.com.ar\/sitio\/wp-json\/wp\/v2\/media?parent=114400"}],"wp:term":[{"taxonomy":"category","embeddable":true,"href":"https:\/\/eldiariodesanpedro.com.ar\/sitio\/wp-json\/wp\/v2\/categories?post=114400"},{"taxonomy":"post_tag","embeddable":true,"href":"https:\/\/eldiariodesanpedro.com.ar\/sitio\/wp-json\/wp\/v2\/tags?post=114400"}],"curies":[{"name":"wp","href":"https:\/\/api.w.org\/{rel}","templated":true}]}}