{"id":114397,"date":"2023-01-24T11:33:38","date_gmt":"2023-01-24T14:33:38","guid":{"rendered":"https:\/\/eldiariodesanpedro.com.ar\/sitio\/?p=114397"},"modified":"2023-01-24T11:33:41","modified_gmt":"2023-01-24T14:33:41","slug":"se-incendio-un-departamento-en-el-barrio-fonavi-2","status":"publish","type":"post","link":"https:\/\/eldiariodesanpedro.com.ar\/sitio\/se-incendio-un-departamento-en-el-barrio-fonavi-2\/","title":{"rendered":"Se incendio un departamento en el barrio Fonavi 2"},"content":{"rendered":"<!-- VideographyWP Plugin Message: Automatic video embedding prevented by plugin options. -->\n\n<p>En el d\u00eda de la fecha promediando las 06 horas a ra\u00edz llamado a 911 el persona policial acude a calle Ituzaing\u00f3 barrio Fonavi 2 por incendio de inmueble, donde al llegar al lugar se encontraba trabajando personal de Bomberos voluntarios de esta ciudad en Monoblock G en un departamento de 1er piso, logrando controlar y extinguir foco \u00edgneo.<\/p>\n\n\n\n<p>Tras testimonio &nbsp;de su propietario de 68 a\u00f1os, refiere que almacenaba combustible fraccionado cerca de su cocina, produci\u00e9ndose explosi\u00f3n de un bid\u00f3n donde la almacenaba.<\/p>\n\n\n\n<p>Siendo trasladado hacia el nosocomio local constat\u00e1ndose quemadura en miembro inferior leve.<\/p>\n","protected":false},"excerpt":{"rendered":"<p>En el d\u00eda de la fecha promediando las 06 horas a ra\u00edz llamado a 911 el persona policial acude a calle Ituzaing\u00f3 barrio Fonavi 2 por incendio de inmueble, donde al llegar al lugar se encontraba trabajando personal de Bomberos voluntarios de esta ciudad en Monoblock G en un departamento de 1er piso, logrando controlar [&hellip;]<\/p>\n","protected":false},"author":4,"featured_media":114398,"comment_status":"closed","ping_status":"closed","sticky":false,"template":"","format":"standard","meta":{"om_disable_all_campaigns":false,"_jetpack_memberships_contains_paid_content":false,"footnotes":""},"categories":[2,103],"tags":[197,33,95,19],"class_list":["post-114397","post","type-post","status-publish","format-standard","has-post-thumbnail","hentry","category-locales","category-policiales-locales","tag-buenos-aires","tag-locales","tag-policiales","tag-san-pedro"],"aioseo_notices":[],"gutentor_comment":0,"jetpack_featured_media_url":"https:\/\/eldiariodesanpedro.com.ar\/sitio\/wp-content\/uploads\/2023\/01\/medida-2-27.jpg","jetpack_shortlink":"https:\/\/wp.me\/p6RhLt-tL7","jetpack_sharing_enabled":true,"_links":{"self":[{"href":"https:\/\/eldiariodesanpedro.com.ar\/sitio\/wp-json\/wp\/v2\/posts\/114397","targetHints":{"allow":["GET"]}}],"collection":[{"href":"https:\/\/eldiariodesanpedro.com.ar\/sitio\/wp-json\/wp\/v2\/posts"}],"about":[{"href":"https:\/\/eldiariodesanpedro.com.ar\/sitio\/wp-json\/wp\/v2\/types\/post"}],"author":[{"embeddable":true,"href":"https:\/\/eldiariodesanpedro.com.ar\/sitio\/wp-json\/wp\/v2\/users\/4"}],"replies":[{"embeddable":true,"href":"https:\/\/eldiariodesanpedro.com.ar\/sitio\/wp-json\/wp\/v2\/comments?post=114397"}],"version-history":[{"count":1,"href":"https:\/\/eldiariodesanpedro.com.ar\/sitio\/wp-json\/wp\/v2\/posts\/114397\/revisions"}],"predecessor-version":[{"id":114399,"href":"https:\/\/eldiariodesanpedro.com.ar\/sitio\/wp-json\/wp\/v2\/posts\/114397\/revisions\/114399"}],"wp:featuredmedia":[{"embeddable":true,"href":"https:\/\/eldiariodesanpedro.com.ar\/sitio\/wp-json\/wp\/v2\/media\/114398"}],"wp:attachment":[{"href":"https:\/\/eldiariodesanpedro.com.ar\/sitio\/wp-json\/wp\/v2\/media?parent=114397"}],"wp:term":[{"taxonomy":"category","embeddable":true,"href":"https:\/\/eldiariodesanpedro.com.ar\/sitio\/wp-json\/wp\/v2\/categories?post=114397"},{"taxonomy":"post_tag","embeddable":true,"href":"https:\/\/eldiariodesanpedro.com.ar\/sitio\/wp-json\/wp\/v2\/tags?post=114397"}],"curies":[{"name":"wp","href":"https:\/\/api.w.org\/{rel}","templated":true}]}}