{"id":114394,"date":"2023-01-24T11:26:26","date_gmt":"2023-01-24T14:26:26","guid":{"rendered":"https:\/\/eldiariodesanpedro.com.ar\/sitio\/?p=114394"},"modified":"2023-01-24T11:26:27","modified_gmt":"2023-01-24T14:26:27","slug":"una-mujer-mayor-de-edad-lesionada-en-un-choque-entre-una-bicicleta-y-un-automovil","status":"publish","type":"post","link":"https:\/\/eldiariodesanpedro.com.ar\/sitio\/una-mujer-mayor-de-edad-lesionada-en-un-choque-entre-una-bicicleta-y-un-automovil\/","title":{"rendered":"Una mujer mayor de edad lesionada en un choque entre una bicicleta y un autom\u00f3vil"},"content":{"rendered":"<!-- VideographyWP Plugin Message: Automatic video embedding prevented by plugin options. -->\n\n<p>En el d\u00eda de ayer promediando las 14:30 horas, se registr\u00f3 un accidente de tr\u00e1nsito en la intersecci\u00f3n de las arterias Almafuerte y Rafael Obligado donde el personal policial constata la colisi\u00f3n entre una bicicleta guiada por una ciudadana de 24 a\u00f1os, y un autom\u00f3vil marca Volkswagen Suran conducido por una ciudadana de 65 a\u00f1os. Resultando que la ocupante del rodado menor sea trasladado hacia el nosocomio local constat\u00e1ndose lesiones de car\u00e1cter leves.<\/p>\n\n\n\n<p>Interviene Ufi 07 local, disponiendo entrega de rodados.-&nbsp;&nbsp;&nbsp;&nbsp;&nbsp;<\/p>\n","protected":false},"excerpt":{"rendered":"<p>En el d\u00eda de ayer promediando las 14:30 horas, se registr\u00f3 un accidente de tr\u00e1nsito en la intersecci\u00f3n de las arterias Almafuerte y Rafael Obligado donde el personal policial constata la colisi\u00f3n entre una bicicleta guiada por una ciudadana de 24 a\u00f1os, y un autom\u00f3vil marca Volkswagen Suran conducido por una ciudadana de 65 a\u00f1os. [&hellip;]<\/p>\n","protected":false},"author":4,"featured_media":114395,"comment_status":"closed","ping_status":"closed","sticky":false,"template":"","format":"standard","meta":{"om_disable_all_campaigns":false,"_jetpack_memberships_contains_paid_content":false,"footnotes":""},"categories":[2,103],"tags":[197,33,95,19],"class_list":["post-114394","post","type-post","status-publish","format-standard","has-post-thumbnail","hentry","category-locales","category-policiales-locales","tag-buenos-aires","tag-locales","tag-policiales","tag-san-pedro"],"aioseo_notices":[],"gutentor_comment":0,"jetpack_featured_media_url":"https:\/\/eldiariodesanpedro.com.ar\/sitio\/wp-content\/uploads\/2023\/01\/medida-2-26.jpg","jetpack_shortlink":"https:\/\/wp.me\/p6RhLt-tL4","jetpack_sharing_enabled":true,"_links":{"self":[{"href":"https:\/\/eldiariodesanpedro.com.ar\/sitio\/wp-json\/wp\/v2\/posts\/114394","targetHints":{"allow":["GET"]}}],"collection":[{"href":"https:\/\/eldiariodesanpedro.com.ar\/sitio\/wp-json\/wp\/v2\/posts"}],"about":[{"href":"https:\/\/eldiariodesanpedro.com.ar\/sitio\/wp-json\/wp\/v2\/types\/post"}],"author":[{"embeddable":true,"href":"https:\/\/eldiariodesanpedro.com.ar\/sitio\/wp-json\/wp\/v2\/users\/4"}],"replies":[{"embeddable":true,"href":"https:\/\/eldiariodesanpedro.com.ar\/sitio\/wp-json\/wp\/v2\/comments?post=114394"}],"version-history":[{"count":1,"href":"https:\/\/eldiariodesanpedro.com.ar\/sitio\/wp-json\/wp\/v2\/posts\/114394\/revisions"}],"predecessor-version":[{"id":114396,"href":"https:\/\/eldiariodesanpedro.com.ar\/sitio\/wp-json\/wp\/v2\/posts\/114394\/revisions\/114396"}],"wp:featuredmedia":[{"embeddable":true,"href":"https:\/\/eldiariodesanpedro.com.ar\/sitio\/wp-json\/wp\/v2\/media\/114395"}],"wp:attachment":[{"href":"https:\/\/eldiariodesanpedro.com.ar\/sitio\/wp-json\/wp\/v2\/media?parent=114394"}],"wp:term":[{"taxonomy":"category","embeddable":true,"href":"https:\/\/eldiariodesanpedro.com.ar\/sitio\/wp-json\/wp\/v2\/categories?post=114394"},{"taxonomy":"post_tag","embeddable":true,"href":"https:\/\/eldiariodesanpedro.com.ar\/sitio\/wp-json\/wp\/v2\/tags?post=114394"}],"curies":[{"name":"wp","href":"https:\/\/api.w.org\/{rel}","templated":true}]}}