{"id":114389,"date":"2023-01-24T11:14:38","date_gmt":"2023-01-24T14:14:38","guid":{"rendered":"https:\/\/eldiariodesanpedro.com.ar\/sitio\/?p=114389"},"modified":"2023-01-24T11:14:39","modified_gmt":"2023-01-24T14:14:39","slug":"dos-jovenes-fueron-aprehendidos-por-negarse-a-ser-identificados","status":"publish","type":"post","link":"https:\/\/eldiariodesanpedro.com.ar\/sitio\/dos-jovenes-fueron-aprehendidos-por-negarse-a-ser-identificados\/","title":{"rendered":"Dos j\u00f3venes fueron aprehendidos por negarse a ser identificados"},"content":{"rendered":"<!-- VideographyWP Plugin Message: Automatic video embedding prevented by plugin options. -->\n\n<p>En el d\u00eda de ayer lunes, promediando las 14 horas el personal policial en calle Balcarce y Hermano Indio procedieron a la aprehensi\u00f3n de dos ciudadanos de 19 y 29 a\u00f1os, quienes ofendidos por presencia policial en barrio Hermano Indio, oponen resistencia a su identificaci\u00f3n.-<\/p>\n\n\n\n<p>UFI N\u00b007 dispone que sean notificados de la formaci\u00f3n de la causa y alojados en celdas.<\/p>\n","protected":false},"excerpt":{"rendered":"<p>En el d\u00eda de ayer lunes, promediando las 14 horas el personal policial en calle Balcarce y Hermano Indio procedieron a la aprehensi\u00f3n de dos ciudadanos de 19 y 29 a\u00f1os, quienes ofendidos por presencia policial en barrio Hermano Indio, oponen resistencia a su identificaci\u00f3n.- UFI N\u00b007 dispone que sean notificados de la formaci\u00f3n de [&hellip;]<\/p>\n","protected":false},"author":4,"featured_media":114392,"comment_status":"closed","ping_status":"closed","sticky":false,"template":"","format":"standard","meta":{"om_disable_all_campaigns":false,"_jetpack_memberships_contains_paid_content":false,"footnotes":""},"categories":[2,103],"tags":[197,33,95,19],"class_list":["post-114389","post","type-post","status-publish","format-standard","has-post-thumbnail","hentry","category-locales","category-policiales-locales","tag-buenos-aires","tag-locales","tag-policiales","tag-san-pedro"],"aioseo_notices":[],"gutentor_comment":0,"jetpack_featured_media_url":"https:\/\/eldiariodesanpedro.com.ar\/sitio\/wp-content\/uploads\/2023\/01\/medida-2-25.jpg","jetpack_shortlink":"https:\/\/wp.me\/p6RhLt-tKZ","jetpack_sharing_enabled":true,"_links":{"self":[{"href":"https:\/\/eldiariodesanpedro.com.ar\/sitio\/wp-json\/wp\/v2\/posts\/114389","targetHints":{"allow":["GET"]}}],"collection":[{"href":"https:\/\/eldiariodesanpedro.com.ar\/sitio\/wp-json\/wp\/v2\/posts"}],"about":[{"href":"https:\/\/eldiariodesanpedro.com.ar\/sitio\/wp-json\/wp\/v2\/types\/post"}],"author":[{"embeddable":true,"href":"https:\/\/eldiariodesanpedro.com.ar\/sitio\/wp-json\/wp\/v2\/users\/4"}],"replies":[{"embeddable":true,"href":"https:\/\/eldiariodesanpedro.com.ar\/sitio\/wp-json\/wp\/v2\/comments?post=114389"}],"version-history":[{"count":1,"href":"https:\/\/eldiariodesanpedro.com.ar\/sitio\/wp-json\/wp\/v2\/posts\/114389\/revisions"}],"predecessor-version":[{"id":114393,"href":"https:\/\/eldiariodesanpedro.com.ar\/sitio\/wp-json\/wp\/v2\/posts\/114389\/revisions\/114393"}],"wp:featuredmedia":[{"embeddable":true,"href":"https:\/\/eldiariodesanpedro.com.ar\/sitio\/wp-json\/wp\/v2\/media\/114392"}],"wp:attachment":[{"href":"https:\/\/eldiariodesanpedro.com.ar\/sitio\/wp-json\/wp\/v2\/media?parent=114389"}],"wp:term":[{"taxonomy":"category","embeddable":true,"href":"https:\/\/eldiariodesanpedro.com.ar\/sitio\/wp-json\/wp\/v2\/categories?post=114389"},{"taxonomy":"post_tag","embeddable":true,"href":"https:\/\/eldiariodesanpedro.com.ar\/sitio\/wp-json\/wp\/v2\/tags?post=114389"}],"curies":[{"name":"wp","href":"https:\/\/api.w.org\/{rel}","templated":true}]}}