{"id":114386,"date":"2023-01-23T15:36:04","date_gmt":"2023-01-23T18:36:04","guid":{"rendered":"https:\/\/eldiariodesanpedro.com.ar\/sitio\/?p=114386"},"modified":"2023-01-23T15:36:06","modified_gmt":"2023-01-23T18:36:06","slug":"bomberos-la-rifa-nuevos-moviles-y-el-fuego-en-la-isla","status":"publish","type":"post","link":"https:\/\/eldiariodesanpedro.com.ar\/sitio\/bomberos-la-rifa-nuevos-moviles-y-el-fuego-en-la-isla\/","title":{"rendered":"Bomberos: la rifa, nuevos m\u00f3viles y el fuego en la isla"},"content":{"rendered":"<!-- VideographyWP Plugin Message: Automatic video embedding prevented by plugin options. -->\n\n<p>La instituci\u00f3n no descansa y m\u00e1s all\u00e1 de la intensa actividad del cuerpo activo en lo administrativo tambi\u00e9n hay importantes novedades.<\/p>\n\n\n\n<p>El 2023 ser\u00e1 un a\u00f1o en el que la Asociaci\u00f3n de Bomberos Voluntarios de San Pedro afronta nuevos desaf\u00edos.<\/p>\n\n\n\n<p>A la intensa actividad desarrollada por estos d\u00edas se le viene sumando la colaboraci\u00f3n con el Plan del Manejo del Fuego y el combate del fuego en las islas, a las vez, la entidad, en esta temporada resolvi\u00f3 administrar su propia rifa.<\/p>\n\n\n\n<p>Por otra parte tambi\u00e9n se le suma lla adquisici\u00f3n de nuevas unidades para seguir equipando y modernizando la instituci\u00f3n.<\/p>\n\n\n\n<p>Mauro Rasio, actual presidente del Consejo de Administraci\u00f3n, habl\u00f3 en el aire de FM G\u00e9nesis y se refiri\u00f3 a la actualidad de la entidad.<\/p>\n\n\n\n<p>\u00abEste a\u00f1o la rifa es administrada completamente por la instituci\u00f3n, la ven\u00edamos haciendo con una empresa privada pero este a\u00f1o decidimos hacerla \u00edntegramente desde Bomberos.Obviamente habr\u00e1 cobradores identificados\u00bb, dijo Rasio.<\/p>\n\n\n\n<p>\u00abEsta rifa tendr\u00e1 la caracter\u00edstica que el premio mayor sale o sale, se sortear\u00e1 las veces que sea necesario hasta que salga el ganador. Es un premio de $ 1.200.000\u00bb.<\/p>\n\n\n\n<p>\u00abLa gente est\u00e1 dando respuestas y eso es muy importante\u00bb.<\/p>\n\n\n\n<p>Sobre la adquisici\u00f3n de una nueva unidad, Rasio manifest\u00f3: \u00abYa lleg\u00f3 la nueva unidad para Gobernador Castro, la estamos embelleciendo un poquito y la pondremos en funciones\u00bb.<\/p>\n\n\n\n<p>\u00abTodo esto es producto de lo que se va recaudando, entre otras cosas, la rifa y la colaboraci\u00f3n de los vecinos\u00bb.<\/p>\n\n\n\n<p>\u00abEs un autobomba comprado en Holanda. Se trata de un cami\u00f3n Fiat Iveco modelo 98 que carga 2800 litros de agua\u00bb. \u00abEs indispensable para el servicio que se presta en el lugar\u00bb, destac\u00f3.<\/p>\n\n\n\n<p>\u00abSobre la intensa actividad que est\u00e1 teniendo Bomberos y el incremento de las intervenciones desde el mes de noviembre, Rasio coment\u00f3 que m\u00e1s all\u00e1 de los incendios de islas la actuaci\u00f3n del cuerpo activo est\u00e1 por encima de lo habitual\u00bb.<\/p>\n\n\n\n<p>\u00abEstamos en un veinte y veinticinco por ciento m\u00e1s de servicios que el a\u00f1o anterior\u00bb.<\/p>\n","protected":false},"excerpt":{"rendered":"<p>La instituci\u00f3n no descansa y m\u00e1s all\u00e1 de la intensa actividad del cuerpo activo en lo administrativo tambi\u00e9n hay importantes novedades. El 2023 ser\u00e1 un a\u00f1o en el que la Asociaci\u00f3n de Bomberos Voluntarios de San Pedro afronta nuevos desaf\u00edos. A la intensa actividad desarrollada por estos d\u00edas se le viene sumando la colaboraci\u00f3n con [&hellip;]<\/p>\n","protected":false},"author":4,"featured_media":114387,"comment_status":"closed","ping_status":"closed","sticky":false,"template":"","format":"standard","meta":{"om_disable_all_campaigns":false,"_jetpack_memberships_contains_paid_content":false,"footnotes":""},"categories":[50,101,2],"tags":[197,696,33,19],"class_list":["post-114386","post","type-post","status-publish","format-standard","has-post-thumbnail","hentry","category-destacadas","category-interes-general-locales","category-locales","tag-buenos-aires","tag-interes-general","tag-locales","tag-san-pedro"],"aioseo_notices":[],"gutentor_comment":0,"jetpack_featured_media_url":"https:\/\/eldiariodesanpedro.com.ar\/sitio\/wp-content\/uploads\/2023\/01\/0000021576-resized-1920x1080-1.jpg","jetpack_shortlink":"https:\/\/wp.me\/p6RhLt-tKW","jetpack_sharing_enabled":true,"_links":{"self":[{"href":"https:\/\/eldiariodesanpedro.com.ar\/sitio\/wp-json\/wp\/v2\/posts\/114386","targetHints":{"allow":["GET"]}}],"collection":[{"href":"https:\/\/eldiariodesanpedro.com.ar\/sitio\/wp-json\/wp\/v2\/posts"}],"about":[{"href":"https:\/\/eldiariodesanpedro.com.ar\/sitio\/wp-json\/wp\/v2\/types\/post"}],"author":[{"embeddable":true,"href":"https:\/\/eldiariodesanpedro.com.ar\/sitio\/wp-json\/wp\/v2\/users\/4"}],"replies":[{"embeddable":true,"href":"https:\/\/eldiariodesanpedro.com.ar\/sitio\/wp-json\/wp\/v2\/comments?post=114386"}],"version-history":[{"count":1,"href":"https:\/\/eldiariodesanpedro.com.ar\/sitio\/wp-json\/wp\/v2\/posts\/114386\/revisions"}],"predecessor-version":[{"id":114388,"href":"https:\/\/eldiariodesanpedro.com.ar\/sitio\/wp-json\/wp\/v2\/posts\/114386\/revisions\/114388"}],"wp:featuredmedia":[{"embeddable":true,"href":"https:\/\/eldiariodesanpedro.com.ar\/sitio\/wp-json\/wp\/v2\/media\/114387"}],"wp:attachment":[{"href":"https:\/\/eldiariodesanpedro.com.ar\/sitio\/wp-json\/wp\/v2\/media?parent=114386"}],"wp:term":[{"taxonomy":"category","embeddable":true,"href":"https:\/\/eldiariodesanpedro.com.ar\/sitio\/wp-json\/wp\/v2\/categories?post=114386"},{"taxonomy":"post_tag","embeddable":true,"href":"https:\/\/eldiariodesanpedro.com.ar\/sitio\/wp-json\/wp\/v2\/tags?post=114386"}],"curies":[{"name":"wp","href":"https:\/\/api.w.org\/{rel}","templated":true}]}}