{"id":114371,"date":"2023-01-23T15:08:23","date_gmt":"2023-01-23T18:08:23","guid":{"rendered":"https:\/\/eldiariodesanpedro.com.ar\/sitio\/?p=114371"},"modified":"2023-01-23T15:15:27","modified_gmt":"2023-01-23T18:15:27","slug":"el-helicoptero-chinook-llego-a-san-pedro-y-comienza-a-operar-sobre-el-fuego-en-las-islas","status":"publish","type":"post","link":"https:\/\/eldiariodesanpedro.com.ar\/sitio\/el-helicoptero-chinook-llego-a-san-pedro-y-comienza-a-operar-sobre-el-fuego-en-las-islas\/","title":{"rendered":"El helic\u00f3ptero \u00abChinook\u00bb lleg\u00f3 a San Pedro y comienza a operar sobre el fuego en las islas"},"content":{"rendered":"<!-- VideographyWP Plugin Message: Automatic video embedding prevented by plugin options. -->\n\n<p>El \u00abgigante canadiense\u00bb arrib\u00f3 al Aerodromo de nuestra ciudad y desde la ma\u00f1ana comenzar\u00e1 a combatir el fuego que afecta a las islas del delta.<\/p>\n\n\n\n<p>En la tarde del domingo arribo a San Pedro el helic\u00f3ptero Boeing Chinook.<\/p>\n\n\n\n<p>La aeronave canadiense aterriz\u00f3 en el Aerodromo de la ciudad y comenzara a operar en la ma\u00f1ana del mismo lunes.<\/p>\n\n\n\n<p>El Chinook es considerada la aeronave mas efectiva del mundo y se especializa en combatir incendios como los que se suceden en la zona de islas<\/p>\n\n\n\n<p>La aeronave fue contratada por el gobierno nacional para operar ante distintos eventos y ahora, la gravedad de lo que est\u00e1 sucediendo, oblig\u00f3 a las autoridades destinarlo a esta regi\u00f3n.<\/p>\n\n\n\n<iframe data-src=\"https:\/\/www.facebook.com\/plugins\/video.php?height=314&#038;href=https%3A%2F%2Fwww.facebook.com%2Fdiariosp2%2Fvideos%2F491388043164941%2F&#038;show_text=false&#038;width=560&#038;t=0\" width=\"560\" height=\"314\" style=\"border:none;overflow:hidden\" scrolling=\"no\" frameborder=\"0\" allowfullscreen=\"true\" allow=\"autoplay; clipboard-write; encrypted-media; picture-in-picture; web-share\" allowFullScreen=\"true\" src=\"data:image\/svg+xml;base64,PHN2ZyB3aWR0aD0iMSIgaGVpZ2h0PSIxIiB4bWxucz0iaHR0cDovL3d3dy53My5vcmcvMjAwMC9zdmciPjwvc3ZnPg==\" class=\"lazyload\" data-load-mode=\"1\"><\/iframe>\n\n\n\n<iframe data-src=\"https:\/\/www.facebook.com\/plugins\/post.php?href=https%3A%2F%2Fwww.facebook.com%2Fdiariosp2%2Fposts%2Fpfbid0yfmRFgtnQFRWTFAdBRqeVZk2DwjhxsMkEsNuGPW21DipiqS98isPR5bZ7zHzSahvl&#038;show_text=true&#038;width=500\" width=\"500\" height=\"665\" style=\"border:none;overflow:hidden\" scrolling=\"no\" frameborder=\"0\" allowfullscreen=\"true\" allow=\"autoplay; clipboard-write; encrypted-media; picture-in-picture; web-share\" src=\"data:image\/svg+xml;base64,PHN2ZyB3aWR0aD0iMSIgaGVpZ2h0PSIxIiB4bWxucz0iaHR0cDovL3d3dy53My5vcmcvMjAwMC9zdmciPjwvc3ZnPg==\" class=\"lazyload\" data-load-mode=\"1\"><\/iframe>\n","protected":false},"excerpt":{"rendered":"<p>El \u00abgigante canadiense\u00bb arrib\u00f3 al Aerodromo de nuestra ciudad y desde la ma\u00f1ana comenzar\u00e1 a combatir el fuego que afecta a las islas del delta. En la tarde del domingo arribo a San Pedro el helic\u00f3ptero Boeing Chinook. La aeronave canadiense aterriz\u00f3 en el Aerodromo de la ciudad y comenzara a operar en la ma\u00f1ana [&hellip;]<\/p>\n","protected":false},"author":4,"featured_media":114372,"comment_status":"closed","ping_status":"closed","sticky":false,"template":"","format":"standard","meta":{"om_disable_all_campaigns":false,"_jetpack_memberships_contains_paid_content":false,"footnotes":""},"categories":[50,101,2],"tags":[197,696,33,19],"class_list":["post-114371","post","type-post","status-publish","format-standard","has-post-thumbnail","hentry","category-destacadas","category-interes-general-locales","category-locales","tag-buenos-aires","tag-interes-general","tag-locales","tag-san-pedro"],"aioseo_notices":[],"gutentor_comment":0,"jetpack_featured_media_url":"https:\/\/eldiariodesanpedro.com.ar\/sitio\/wp-content\/uploads\/2023\/01\/WhatsApp-Image-2023-01-23-at-11.52.31-1.jpeg","jetpack_shortlink":"https:\/\/wp.me\/p6RhLt-tKH","jetpack_sharing_enabled":true,"_links":{"self":[{"href":"https:\/\/eldiariodesanpedro.com.ar\/sitio\/wp-json\/wp\/v2\/posts\/114371","targetHints":{"allow":["GET"]}}],"collection":[{"href":"https:\/\/eldiariodesanpedro.com.ar\/sitio\/wp-json\/wp\/v2\/posts"}],"about":[{"href":"https:\/\/eldiariodesanpedro.com.ar\/sitio\/wp-json\/wp\/v2\/types\/post"}],"author":[{"embeddable":true,"href":"https:\/\/eldiariodesanpedro.com.ar\/sitio\/wp-json\/wp\/v2\/users\/4"}],"replies":[{"embeddable":true,"href":"https:\/\/eldiariodesanpedro.com.ar\/sitio\/wp-json\/wp\/v2\/comments?post=114371"}],"version-history":[{"count":2,"href":"https:\/\/eldiariodesanpedro.com.ar\/sitio\/wp-json\/wp\/v2\/posts\/114371\/revisions"}],"predecessor-version":[{"id":114375,"href":"https:\/\/eldiariodesanpedro.com.ar\/sitio\/wp-json\/wp\/v2\/posts\/114371\/revisions\/114375"}],"wp:featuredmedia":[{"embeddable":true,"href":"https:\/\/eldiariodesanpedro.com.ar\/sitio\/wp-json\/wp\/v2\/media\/114372"}],"wp:attachment":[{"href":"https:\/\/eldiariodesanpedro.com.ar\/sitio\/wp-json\/wp\/v2\/media?parent=114371"}],"wp:term":[{"taxonomy":"category","embeddable":true,"href":"https:\/\/eldiariodesanpedro.com.ar\/sitio\/wp-json\/wp\/v2\/categories?post=114371"},{"taxonomy":"post_tag","embeddable":true,"href":"https:\/\/eldiariodesanpedro.com.ar\/sitio\/wp-json\/wp\/v2\/tags?post=114371"}],"curies":[{"name":"wp","href":"https:\/\/api.w.org\/{rel}","templated":true}]}}