{"id":114369,"date":"2023-01-20T12:36:05","date_gmt":"2023-01-20T15:36:05","guid":{"rendered":"https:\/\/eldiariodesanpedro.com.ar\/sitio\/?p=114369"},"modified":"2026-01-24T00:55:25","modified_gmt":"2026-01-24T03:55:25","slug":"fallecio-trotta-concepcion-maria-de-90-anos-de-edad","status":"publish","type":"post","link":"https:\/\/eldiariodesanpedro.com.ar\/sitio\/fallecio-trotta-concepcion-maria-de-90-anos-de-edad\/","title":{"rendered":"Falleci\u00f3 Trotta Concepci\u00f3n Maria de 90 a\u00f1os de edad"},"content":{"rendered":"<!-- VideographyWP Plugin Message: Automatic video embedding prevented by plugin options. -->\n\n<p>Se informa el fallecimiento de Trotta Concepci\u00f3n Maria de 90 a\u00f1os de edad, el sepelio se realiz\u00f3 este viernes en la casa velatorio Coopser en sala N\u00ba 3.<\/p>\n\n\n\n<p>El sepelio se llevara a cabo desde las 17 hs de hoy 20 de Enero de 2023 y posteriormente sus restos ser\u00e1n inhumados en el Cementerio Municipal.<\/p>\n","protected":false},"excerpt":{"rendered":"<p>Se informa el fallecimiento de Trotta Concepci\u00f3n Maria de 90 a\u00f1os de edad, el sepelio se realiz\u00f3 este viernes en la casa velatorio Coopser en sala N\u00ba 3. El sepelio se llevara a cabo desde las 17 hs de hoy 20 de Enero de 2023 y posteriormente sus restos ser\u00e1n inhumados en el Cementerio Municipal.<\/p>\n","protected":false},"author":4,"featured_media":113757,"comment_status":"closed","ping_status":"closed","sticky":false,"template":"","format":"standard","meta":{"om_disable_all_campaigns":false,"_jetpack_memberships_contains_paid_content":false,"footnotes":""},"categories":[8424],"tags":[197,3343,33,19],"class_list":["post-114369","post","type-post","status-publish","format-standard","has-post-thumbnail","hentry","category-necrologicas","tag-buenos-aires","tag-fallecio-trotta-concepcion-maria-de-90-anos-de-edad","tag-locales","tag-san-pedro"],"aioseo_notices":[],"gutentor_comment":0,"jetpack_featured_media_url":"https:\/\/eldiariodesanpedro.com.ar\/sitio\/wp-content\/uploads\/2023\/01\/necrologicas.jpg","jetpack_shortlink":"https:\/\/wp.me\/p6RhLt-tKF","jetpack_sharing_enabled":true,"_links":{"self":[{"href":"https:\/\/eldiariodesanpedro.com.ar\/sitio\/wp-json\/wp\/v2\/posts\/114369","targetHints":{"allow":["GET"]}}],"collection":[{"href":"https:\/\/eldiariodesanpedro.com.ar\/sitio\/wp-json\/wp\/v2\/posts"}],"about":[{"href":"https:\/\/eldiariodesanpedro.com.ar\/sitio\/wp-json\/wp\/v2\/types\/post"}],"author":[{"embeddable":true,"href":"https:\/\/eldiariodesanpedro.com.ar\/sitio\/wp-json\/wp\/v2\/users\/4"}],"replies":[{"embeddable":true,"href":"https:\/\/eldiariodesanpedro.com.ar\/sitio\/wp-json\/wp\/v2\/comments?post=114369"}],"version-history":[{"count":1,"href":"https:\/\/eldiariodesanpedro.com.ar\/sitio\/wp-json\/wp\/v2\/posts\/114369\/revisions"}],"predecessor-version":[{"id":114370,"href":"https:\/\/eldiariodesanpedro.com.ar\/sitio\/wp-json\/wp\/v2\/posts\/114369\/revisions\/114370"}],"wp:featuredmedia":[{"embeddable":true,"href":"https:\/\/eldiariodesanpedro.com.ar\/sitio\/wp-json\/wp\/v2\/media\/113757"}],"wp:attachment":[{"href":"https:\/\/eldiariodesanpedro.com.ar\/sitio\/wp-json\/wp\/v2\/media?parent=114369"}],"wp:term":[{"taxonomy":"category","embeddable":true,"href":"https:\/\/eldiariodesanpedro.com.ar\/sitio\/wp-json\/wp\/v2\/categories?post=114369"},{"taxonomy":"post_tag","embeddable":true,"href":"https:\/\/eldiariodesanpedro.com.ar\/sitio\/wp-json\/wp\/v2\/tags?post=114369"}],"curies":[{"name":"wp","href":"https:\/\/api.w.org\/{rel}","templated":true}]}}