{"id":114366,"date":"2023-01-20T11:14:53","date_gmt":"2023-01-20T14:14:53","guid":{"rendered":"https:\/\/eldiariodesanpedro.com.ar\/sitio\/?p=114366"},"modified":"2023-01-20T11:14:54","modified_gmt":"2023-01-20T14:14:54","slug":"un-joven-fue-aprehendido-por-haberle-destruido-el-telefono-a-su-pareja","status":"publish","type":"post","link":"https:\/\/eldiariodesanpedro.com.ar\/sitio\/un-joven-fue-aprehendido-por-haberle-destruido-el-telefono-a-su-pareja\/","title":{"rendered":"Un joven fue aprehendido por haberle destruido el tel\u00e9fono a su pareja"},"content":{"rendered":"<!-- VideographyWP Plugin Message: Automatic video embedding prevented by plugin options. -->\n\n<p>En el d\u00eda de ayer alrededor de las 15 hs el personal policial de la comisar\u00eda local acude ha llamado en calle Auli Bis al 400, donde procede a la aprehensi\u00f3n de un masculino de 28 a\u00f1os de edad, quien momentos antes mantiene discusi\u00f3n con su pareja de 24, y le da\u00f1a su tel\u00e9fono celular.<\/p>\n\n\n\n<p>La femenina result\u00f3 ilesa y fue asistida en la comisaria de la mujer y la familia, mientras que el sindicado fue notificado de la formaci\u00f3n de la causa y permanece alojado en esta Dependencia.<\/p>\n","protected":false},"excerpt":{"rendered":"<p>En el d\u00eda de ayer alrededor de las 15 hs el personal policial de la comisar\u00eda local acude ha llamado en calle Auli Bis al 400, donde procede a la aprehensi\u00f3n de un masculino de 28 a\u00f1os de edad, quien momentos antes mantiene discusi\u00f3n con su pareja de 24, y le da\u00f1a su tel\u00e9fono celular. [&hellip;]<\/p>\n","protected":false},"author":4,"featured_media":114367,"comment_status":"closed","ping_status":"closed","sticky":false,"template":"","format":"standard","meta":{"om_disable_all_campaigns":false,"_jetpack_memberships_contains_paid_content":false,"footnotes":""},"categories":[2,103],"tags":[],"class_list":["post-114366","post","type-post","status-publish","format-standard","has-post-thumbnail","hentry","category-locales","category-policiales-locales"],"aioseo_notices":[],"gutentor_comment":0,"jetpack_featured_media_url":"https:\/\/eldiariodesanpedro.com.ar\/sitio\/wp-content\/uploads\/2023\/01\/medida-2-24.jpg","jetpack_shortlink":"https:\/\/wp.me\/p6RhLt-tKC","jetpack_sharing_enabled":true,"_links":{"self":[{"href":"https:\/\/eldiariodesanpedro.com.ar\/sitio\/wp-json\/wp\/v2\/posts\/114366","targetHints":{"allow":["GET"]}}],"collection":[{"href":"https:\/\/eldiariodesanpedro.com.ar\/sitio\/wp-json\/wp\/v2\/posts"}],"about":[{"href":"https:\/\/eldiariodesanpedro.com.ar\/sitio\/wp-json\/wp\/v2\/types\/post"}],"author":[{"embeddable":true,"href":"https:\/\/eldiariodesanpedro.com.ar\/sitio\/wp-json\/wp\/v2\/users\/4"}],"replies":[{"embeddable":true,"href":"https:\/\/eldiariodesanpedro.com.ar\/sitio\/wp-json\/wp\/v2\/comments?post=114366"}],"version-history":[{"count":1,"href":"https:\/\/eldiariodesanpedro.com.ar\/sitio\/wp-json\/wp\/v2\/posts\/114366\/revisions"}],"predecessor-version":[{"id":114368,"href":"https:\/\/eldiariodesanpedro.com.ar\/sitio\/wp-json\/wp\/v2\/posts\/114366\/revisions\/114368"}],"wp:featuredmedia":[{"embeddable":true,"href":"https:\/\/eldiariodesanpedro.com.ar\/sitio\/wp-json\/wp\/v2\/media\/114367"}],"wp:attachment":[{"href":"https:\/\/eldiariodesanpedro.com.ar\/sitio\/wp-json\/wp\/v2\/media?parent=114366"}],"wp:term":[{"taxonomy":"category","embeddable":true,"href":"https:\/\/eldiariodesanpedro.com.ar\/sitio\/wp-json\/wp\/v2\/categories?post=114366"},{"taxonomy":"post_tag","embeddable":true,"href":"https:\/\/eldiariodesanpedro.com.ar\/sitio\/wp-json\/wp\/v2\/tags?post=114366"}],"curies":[{"name":"wp","href":"https:\/\/api.w.org\/{rel}","templated":true}]}}