{"id":114361,"date":"2023-01-20T10:23:12","date_gmt":"2023-01-20T13:23:12","guid":{"rendered":"https:\/\/eldiariodesanpedro.com.ar\/sitio\/?p=114361"},"modified":"2023-01-20T10:23:13","modified_gmt":"2023-01-20T13:23:13","slug":"el-programa-acercar-derechos-estuvo-ayer-en-la-plaza-belgrano","status":"publish","type":"post","link":"https:\/\/eldiariodesanpedro.com.ar\/sitio\/el-programa-acercar-derechos-estuvo-ayer-en-la-plaza-belgrano\/","title":{"rendered":"El Programa Acercar Derechos estuvo ayer en la Plaza Belgrano"},"content":{"rendered":"<!-- VideographyWP Plugin Message: Automatic video embedding prevented by plugin options. -->\n\n<p>La plaza Belgrano fue sede de una jornada informativa sobre el Programa Acercar Derechos (PAD).&nbsp;<\/p>\n\n\n\n<p>Se trata de una iniciativa dependiente del Ministerio de las Mujeres, G\u00e9nero y Diversidad de la Naci\u00f3n, en conjunto con la Secretar\u00eda de Pol\u00edticas de G\u00e9nero, Mujeres y Diversidad de la Municipalidad de San Pedro.<a><\/a><\/p>\n\n\n\n<p>Estuvieron presentes integrantes del equipo del ministerio nacional, encabezadas por la subsecretaria de Abordaje Integral de las Violencias por Razones de G\u00e9nero, Laurana Malacalza. Tambi\u00e9n particip\u00f3 la Directora Nacional de Protecci\u00f3n, Roc\u00edo Di Bastiano (Coordinadora PAD en PBA).\u00a0<\/p>\n\n\n\n<p>El Programa Acercar Derechos (PAD) es una pol\u00edtica para fortalecer el acceso a derechos y al sistema de justicia de mujeres y LGBTI+ en situaci\u00f3n de violencia a trav\u00e9s de acompa\u00f1amiento integral e intercultural en todo el pa\u00eds.<\/p>\n\n\n\n<p>Es un programa integral porque implica trabajar de manera coordinada en los distintos niveles del Estado y con organizaciones sociales y comunitarias, reconociendo las particularidades y din\u00e1micas que adquieren las violencias de g\u00e9nero en los distintos territorios.<\/p>\n","protected":false},"excerpt":{"rendered":"<p>La plaza Belgrano fue sede de una jornada informativa sobre el Programa Acercar Derechos (PAD).&nbsp; Se trata de una iniciativa dependiente del Ministerio de las Mujeres, G\u00e9nero y Diversidad de la Naci\u00f3n, en conjunto con la Secretar\u00eda de Pol\u00edticas de G\u00e9nero, Mujeres y Diversidad de la Municipalidad de San Pedro. Estuvieron presentes integrantes del equipo [&hellip;]<\/p>\n","protected":false},"author":4,"featured_media":114362,"comment_status":"closed","ping_status":"closed","sticky":false,"template":"","format":"standard","meta":{"om_disable_all_campaigns":false,"_jetpack_memberships_contains_paid_content":false,"footnotes":""},"categories":[50,101,2],"tags":[197,696,33,19],"class_list":["post-114361","post","type-post","status-publish","format-standard","has-post-thumbnail","hentry","category-destacadas","category-interes-general-locales","category-locales","tag-buenos-aires","tag-interes-general","tag-locales","tag-san-pedro"],"aioseo_notices":[],"gutentor_comment":0,"jetpack_featured_media_url":"https:\/\/eldiariodesanpedro.com.ar\/sitio\/wp-content\/uploads\/2023\/01\/WhatsApp-Image-2023-01-20-at-10.17.09.jpeg","jetpack_shortlink":"https:\/\/wp.me\/p6RhLt-tKx","jetpack_sharing_enabled":true,"_links":{"self":[{"href":"https:\/\/eldiariodesanpedro.com.ar\/sitio\/wp-json\/wp\/v2\/posts\/114361","targetHints":{"allow":["GET"]}}],"collection":[{"href":"https:\/\/eldiariodesanpedro.com.ar\/sitio\/wp-json\/wp\/v2\/posts"}],"about":[{"href":"https:\/\/eldiariodesanpedro.com.ar\/sitio\/wp-json\/wp\/v2\/types\/post"}],"author":[{"embeddable":true,"href":"https:\/\/eldiariodesanpedro.com.ar\/sitio\/wp-json\/wp\/v2\/users\/4"}],"replies":[{"embeddable":true,"href":"https:\/\/eldiariodesanpedro.com.ar\/sitio\/wp-json\/wp\/v2\/comments?post=114361"}],"version-history":[{"count":1,"href":"https:\/\/eldiariodesanpedro.com.ar\/sitio\/wp-json\/wp\/v2\/posts\/114361\/revisions"}],"predecessor-version":[{"id":114363,"href":"https:\/\/eldiariodesanpedro.com.ar\/sitio\/wp-json\/wp\/v2\/posts\/114361\/revisions\/114363"}],"wp:featuredmedia":[{"embeddable":true,"href":"https:\/\/eldiariodesanpedro.com.ar\/sitio\/wp-json\/wp\/v2\/media\/114362"}],"wp:attachment":[{"href":"https:\/\/eldiariodesanpedro.com.ar\/sitio\/wp-json\/wp\/v2\/media?parent=114361"}],"wp:term":[{"taxonomy":"category","embeddable":true,"href":"https:\/\/eldiariodesanpedro.com.ar\/sitio\/wp-json\/wp\/v2\/categories?post=114361"},{"taxonomy":"post_tag","embeddable":true,"href":"https:\/\/eldiariodesanpedro.com.ar\/sitio\/wp-json\/wp\/v2\/tags?post=114361"}],"curies":[{"name":"wp","href":"https:\/\/api.w.org\/{rel}","templated":true}]}}