{"id":114358,"date":"2023-01-20T10:11:45","date_gmt":"2023-01-20T13:11:45","guid":{"rendered":"https:\/\/eldiariodesanpedro.com.ar\/sitio\/?p=114358"},"modified":"2023-01-20T10:11:46","modified_gmt":"2023-01-20T13:11:46","slug":"alerta-naranja-por-tormentas-en-toda-la-provincia","status":"publish","type":"post","link":"https:\/\/eldiariodesanpedro.com.ar\/sitio\/alerta-naranja-por-tormentas-en-toda-la-provincia\/","title":{"rendered":"Alerta naranja por tormentas en toda la Provincia"},"content":{"rendered":"<!-- VideographyWP Plugin Message: Automatic video embedding prevented by plugin options. -->\n\n<p>El Servicio Meteorol\u00f3gico Nacional (SMN) lanz\u00f3 este viernes 20 de enero un alerta naranja y otra amarilla para la mayor\u00eda localidades de la provincia de Buenos Aires, ante el pron\u00f3stico de tormentas fuertes. El mismo se extender\u00e1 durante toda la jornada de hoy. \u00bfCu\u00e1les son los municipios bonaerenses?<\/p>\n\n\n\n<p>Seg\u00fan anunci\u00f3 el SMN con este alerta naranja \u00abel \u00e1rea de cobertura ser\u00e1 afectada por tormentas, se espera que algunas sean localmente fuertes o severas. Las mismas estar\u00e1n acompa\u00f1adas de muy intensas r\u00e1fagas, ca\u00edda de granizo, fuerte actividad el\u00e9ctrica y abundante ca\u00edda de agua en cortos per\u00edodos\u00bb.<\/p>\n\n\n\n<p>Adem\u00e1s explicaron que \u00abse esperan valores de precipitaci\u00f3n acumulada entre 30 y 60 mm, pudiendo ser superados de forma localizada\u00bb. Las tormentas se esperan en las siguientes zonas de la provincia de Buenos Aires:<\/p>\n\n\n\n<p>Arrecifes.<br>Capit\u00e1n Sarmiento.<br>Carmen de Areco.<br>Chacabuco.<br>Col\u00f3n.<br>General Arenales.<br>General Pinto.<br>Jun\u00edn.<br>Leandro N. Alem.<br>Lincoln.<br>Pergamino.<br>Rojas.<br>Salto.<br>Alberti.<br>Bragado.<br>Chivilcoy.<br>General Viamonte.<br>Nueve de Julio.<br>Veinticinco de Mayo.<br>Bol\u00edvar.<br>Carlos Casares.<br>Carlos Tejedor.<br>Hip\u00f3lito Yrigoyen.<br>Pehuaj\u00f3.<br>Adolfo Alsina.<br>Daireaux.<br>Guamin\u00ed.<br>Pellegrini.<br>Salliquel\u00f3.<br>Trenque Lauquen.<br>Tres Lomas.<br>Azul.<br>Rauch.<br>Tapalqu\u00e9.<br>Benito Ju\u00e1rez.<br>Tandil.<br>Bah\u00eda Blanca.<br>Carmen de Patagones.<br>Villarino.<br>Pu\u00e1n.<br>Coronel Pringles.<br>Coronel Su\u00e1rez.<br>Saavedra.<br>Tornquist<\/p>\n\n\n\n<p>El SMN inform\u00f3 que este alerta amarillo por tormentas con posibles r\u00e1fagas y granizo en la provincia de Buenos Aires, se encontrar\u00e1 vigente hasta la noche de este viernes 20 de enero y la ma\u00f1ana del s\u00e1bado.<\/p>\n","protected":false},"excerpt":{"rendered":"<p>El Servicio Meteorol\u00f3gico Nacional (SMN) lanz\u00f3 este viernes 20 de enero un alerta naranja y otra amarilla para la mayor\u00eda localidades de la provincia de Buenos Aires, ante el pron\u00f3stico de tormentas fuertes. El mismo se extender\u00e1 durante toda la jornada de hoy. \u00bfCu\u00e1les son los municipios bonaerenses? Seg\u00fan anunci\u00f3 el SMN con este alerta [&hellip;]<\/p>\n","protected":false},"author":4,"featured_media":114359,"comment_status":"closed","ping_status":"closed","sticky":false,"template":"","format":"standard","meta":{"om_disable_all_campaigns":false,"_jetpack_memberships_contains_paid_content":false,"footnotes":""},"categories":[101,2],"tags":[197,33,95,19],"class_list":["post-114358","post","type-post","status-publish","format-standard","has-post-thumbnail","hentry","category-interes-general-locales","category-locales","tag-buenos-aires","tag-locales","tag-policiales","tag-san-pedro"],"aioseo_notices":[],"gutentor_comment":0,"jetpack_featured_media_url":"https:\/\/eldiariodesanpedro.com.ar\/sitio\/wp-content\/uploads\/2023\/01\/fm5_h-1xgaaydwbjfif.webp","jetpack_shortlink":"https:\/\/wp.me\/p6RhLt-tKu","jetpack_sharing_enabled":true,"_links":{"self":[{"href":"https:\/\/eldiariodesanpedro.com.ar\/sitio\/wp-json\/wp\/v2\/posts\/114358","targetHints":{"allow":["GET"]}}],"collection":[{"href":"https:\/\/eldiariodesanpedro.com.ar\/sitio\/wp-json\/wp\/v2\/posts"}],"about":[{"href":"https:\/\/eldiariodesanpedro.com.ar\/sitio\/wp-json\/wp\/v2\/types\/post"}],"author":[{"embeddable":true,"href":"https:\/\/eldiariodesanpedro.com.ar\/sitio\/wp-json\/wp\/v2\/users\/4"}],"replies":[{"embeddable":true,"href":"https:\/\/eldiariodesanpedro.com.ar\/sitio\/wp-json\/wp\/v2\/comments?post=114358"}],"version-history":[{"count":1,"href":"https:\/\/eldiariodesanpedro.com.ar\/sitio\/wp-json\/wp\/v2\/posts\/114358\/revisions"}],"predecessor-version":[{"id":114360,"href":"https:\/\/eldiariodesanpedro.com.ar\/sitio\/wp-json\/wp\/v2\/posts\/114358\/revisions\/114360"}],"wp:featuredmedia":[{"embeddable":true,"href":"https:\/\/eldiariodesanpedro.com.ar\/sitio\/wp-json\/wp\/v2\/media\/114359"}],"wp:attachment":[{"href":"https:\/\/eldiariodesanpedro.com.ar\/sitio\/wp-json\/wp\/v2\/media?parent=114358"}],"wp:term":[{"taxonomy":"category","embeddable":true,"href":"https:\/\/eldiariodesanpedro.com.ar\/sitio\/wp-json\/wp\/v2\/categories?post=114358"},{"taxonomy":"post_tag","embeddable":true,"href":"https:\/\/eldiariodesanpedro.com.ar\/sitio\/wp-json\/wp\/v2\/tags?post=114358"}],"curies":[{"name":"wp","href":"https:\/\/api.w.org\/{rel}","templated":true}]}}