{"id":114349,"date":"2023-01-19T22:12:29","date_gmt":"2023-01-20T01:12:29","guid":{"rendered":"https:\/\/eldiariodesanpedro.com.ar\/sitio\/?p=114349"},"modified":"2023-01-19T22:14:58","modified_gmt":"2023-01-20T01:14:58","slug":"pedido-de-oracion-para-el-joven-nahuel-ezequiel-duarte-de-20-anos","status":"publish","type":"post","link":"https:\/\/eldiariodesanpedro.com.ar\/sitio\/pedido-de-oracion-para-el-joven-nahuel-ezequiel-duarte-de-20-anos\/","title":{"rendered":"Pedido de oraci\u00f3n para el joven Nahuel Ezequiel Duarte de 20 a\u00f1os"},"content":{"rendered":"<!-- VideographyWP Plugin Message: Automatic video embedding prevented by plugin options. -->\n\n<p>El joven de 20 a\u00f1os protagonizo un accidente en la tarde de hoy donde sufri\u00f3 un severo traumatismo de cr\u00e1neo que tiene comprometido su cerebro por lo que se encuentra internado en la localidad de Pergamino donde se le puede realizar la operaci\u00f3n necesaria.<\/p>\n\n\n\n<p>Sus familiares y amigos solicitaron que se realice un pedido de oraci\u00f3n para el joven que pelea por su vida. <\/p>\n\n\n\n<iframe data-src=\"https:\/\/www.facebook.com\/plugins\/post.php?href=https%3A%2F%2Fwww.facebook.com%2Fyoha.duartess%2Fposts%2Fpfbid02EmjpzM4fVg4kmSn5PA5Wn9RVgkmHkGk2bvPDhyASmqH7ZGcLK7C8rhodDTAgGPs8l&#038;show_text=true&#038;width=500\" width=\"500\" height=\"706\" style=\"border:none;overflow:hidden\" scrolling=\"no\" frameborder=\"0\" allowfullscreen=\"true\" allow=\"autoplay; clipboard-write; encrypted-media; picture-in-picture; web-share\" src=\"data:image\/svg+xml;base64,PHN2ZyB3aWR0aD0iMSIgaGVpZ2h0PSIxIiB4bWxucz0iaHR0cDovL3d3dy53My5vcmcvMjAwMC9zdmciPjwvc3ZnPg==\" class=\"lazyload\" data-load-mode=\"1\"><\/iframe>\n","protected":false},"excerpt":{"rendered":"<p>El joven de 20 a\u00f1os protagonizo un accidente en la tarde de hoy donde sufri\u00f3 un severo traumatismo de cr\u00e1neo que tiene comprometido su cerebro por lo que se encuentra internado en la localidad de Pergamino donde se le puede realizar la operaci\u00f3n necesaria. Sus familiares y amigos solicitaron que se realice un pedido de [&hellip;]<\/p>\n","protected":false},"author":4,"featured_media":114350,"comment_status":"closed","ping_status":"closed","sticky":false,"template":"","format":"standard","meta":{"om_disable_all_campaigns":false,"_jetpack_memberships_contains_paid_content":false,"footnotes":""},"categories":[50,101,2],"tags":[197,696,33,19],"class_list":["post-114349","post","type-post","status-publish","format-standard","has-post-thumbnail","hentry","category-destacadas","category-interes-general-locales","category-locales","tag-buenos-aires","tag-interes-general","tag-locales","tag-san-pedro"],"aioseo_notices":[],"gutentor_comment":0,"jetpack_featured_media_url":"https:\/\/eldiariodesanpedro.com.ar\/sitio\/wp-content\/uploads\/2023\/01\/medida-2-23.jpg","jetpack_shortlink":"https:\/\/wp.me\/p6RhLt-tKl","jetpack_sharing_enabled":true,"_links":{"self":[{"href":"https:\/\/eldiariodesanpedro.com.ar\/sitio\/wp-json\/wp\/v2\/posts\/114349","targetHints":{"allow":["GET"]}}],"collection":[{"href":"https:\/\/eldiariodesanpedro.com.ar\/sitio\/wp-json\/wp\/v2\/posts"}],"about":[{"href":"https:\/\/eldiariodesanpedro.com.ar\/sitio\/wp-json\/wp\/v2\/types\/post"}],"author":[{"embeddable":true,"href":"https:\/\/eldiariodesanpedro.com.ar\/sitio\/wp-json\/wp\/v2\/users\/4"}],"replies":[{"embeddable":true,"href":"https:\/\/eldiariodesanpedro.com.ar\/sitio\/wp-json\/wp\/v2\/comments?post=114349"}],"version-history":[{"count":3,"href":"https:\/\/eldiariodesanpedro.com.ar\/sitio\/wp-json\/wp\/v2\/posts\/114349\/revisions"}],"predecessor-version":[{"id":114353,"href":"https:\/\/eldiariodesanpedro.com.ar\/sitio\/wp-json\/wp\/v2\/posts\/114349\/revisions\/114353"}],"wp:featuredmedia":[{"embeddable":true,"href":"https:\/\/eldiariodesanpedro.com.ar\/sitio\/wp-json\/wp\/v2\/media\/114350"}],"wp:attachment":[{"href":"https:\/\/eldiariodesanpedro.com.ar\/sitio\/wp-json\/wp\/v2\/media?parent=114349"}],"wp:term":[{"taxonomy":"category","embeddable":true,"href":"https:\/\/eldiariodesanpedro.com.ar\/sitio\/wp-json\/wp\/v2\/categories?post=114349"},{"taxonomy":"post_tag","embeddable":true,"href":"https:\/\/eldiariodesanpedro.com.ar\/sitio\/wp-json\/wp\/v2\/tags?post=114349"}],"curies":[{"name":"wp","href":"https:\/\/api.w.org\/{rel}","templated":true}]}}