{"id":114346,"date":"2023-01-19T22:03:45","date_gmt":"2023-01-20T01:03:45","guid":{"rendered":"https:\/\/eldiariodesanpedro.com.ar\/sitio\/?p=114346"},"modified":"2023-01-19T22:20:57","modified_gmt":"2023-01-20T01:20:57","slug":"el-joven-que-tuvo-el-accidente-de-transito-hoy-se-encuentra-en-un-estado-delicado-con-riesgo-de-vida","status":"publish","type":"post","link":"https:\/\/eldiariodesanpedro.com.ar\/sitio\/el-joven-que-tuvo-el-accidente-de-transito-hoy-se-encuentra-en-un-estado-delicado-con-riesgo-de-vida\/","title":{"rendered":"El joven que tuvo el accidente de transito hoy se encuentra en un estado delicado con riesgo de vida"},"content":{"rendered":"<!-- VideographyWP Plugin Message: Automatic video embedding prevented by plugin options. -->\n\n<p>El siniestro tuvo lugar en la esquina de Av. 11 de Septiembre y Petrona Simonini se encuentra en estado reservado tras el fuerte impacto que sufri\u00f3 al chocar contra una camioneta.<\/p>\n\n\n\n<p>Identificado como Nahuel Ezequiel Duarte de 20 a\u00f1os de edad fue internado en un primer momento en UTI y con un diagnostico un trauma grave con compromiso en el cerebro con riesgo de vida. Horas mas tarde s fue trasladado a la ciudad de Pergamino donde se le realiza una delicada operaci\u00f3n.<\/p>\n\n\n\n<p>Por su parte su acompa\u00f1ante Tamara Jazm\u00edn Belo de 13 a\u00f1os sufri\u00f3 fractura en tibia y perone en la pierna derecha.<\/p>\n\n\n\n<p>Ambos lesionados son considerados de heridos graves y se espera su evoluci\u00f3n, sobre todo con el joven Duarte quien se encuentra internado en el hospital de Pergamino.<\/p>\n\n\n\n<p>Recordemos que el hecho ocurri\u00f3 cuando la moto Zanella 150 cc en la que circulaban ambos heridos a alta velocidad impactan de lleno contra una camioneta Dodge D200 que era conducida por un ciudadano de 43 a\u00f1os.<\/p>\n\n\n\n<iframe data-src=\"https:\/\/www.facebook.com\/plugins\/video.php?height=314&amp;href=https%3A%2F%2Fwww.facebook.com%2Fdiariosp2%2Fvideos%2F622761302945811%2F&amp;show_text=false&amp;width=560&amp;t=0\" width=\"560\" height=\"314\" style=\"border:none;overflow:hidden\" scrolling=\"no\" frameborder=\"0\" allowfullscreen=\"true\" allow=\"autoplay; clipboard-write; encrypted-media; picture-in-picture; web-share\" src=\"data:image\/svg+xml;base64,PHN2ZyB3aWR0aD0iMSIgaGVpZ2h0PSIxIiB4bWxucz0iaHR0cDovL3d3dy53My5vcmcvMjAwMC9zdmciPjwvc3ZnPg==\" class=\"lazyload\" data-load-mode=\"1\"><\/iframe>\n","protected":false},"excerpt":{"rendered":"<p>El siniestro tuvo lugar en la esquina de Av. 11 de Septiembre y Petrona Simonini se encuentra en estado reservado tras el fuerte impacto que sufri\u00f3 al chocar contra una camioneta. Identificado como Nahuel Ezequiel Duarte de 20 a\u00f1os de edad fue internado en un primer momento en UTI y con un diagnostico un trauma [&hellip;]<\/p>\n","protected":false},"author":4,"featured_media":114315,"comment_status":"closed","ping_status":"closed","sticky":false,"template":"","format":"standard","meta":{"om_disable_all_campaigns":false,"_jetpack_memberships_contains_paid_content":false,"footnotes":""},"categories":[50,2,103],"tags":[197,33,95,19],"class_list":["post-114346","post","type-post","status-publish","format-standard","has-post-thumbnail","hentry","category-destacadas","category-locales","category-policiales-locales","tag-buenos-aires","tag-locales","tag-policiales","tag-san-pedro"],"aioseo_notices":[],"gutentor_comment":0,"jetpack_featured_media_url":"https:\/\/eldiariodesanpedro.com.ar\/sitio\/wp-content\/uploads\/2023\/01\/WhatsApp-Image-2023-01-19-at-15.33.29.jpeg","jetpack_shortlink":"https:\/\/wp.me\/p6RhLt-tKi","jetpack_sharing_enabled":true,"_links":{"self":[{"href":"https:\/\/eldiariodesanpedro.com.ar\/sitio\/wp-json\/wp\/v2\/posts\/114346","targetHints":{"allow":["GET"]}}],"collection":[{"href":"https:\/\/eldiariodesanpedro.com.ar\/sitio\/wp-json\/wp\/v2\/posts"}],"about":[{"href":"https:\/\/eldiariodesanpedro.com.ar\/sitio\/wp-json\/wp\/v2\/types\/post"}],"author":[{"embeddable":true,"href":"https:\/\/eldiariodesanpedro.com.ar\/sitio\/wp-json\/wp\/v2\/users\/4"}],"replies":[{"embeddable":true,"href":"https:\/\/eldiariodesanpedro.com.ar\/sitio\/wp-json\/wp\/v2\/comments?post=114346"}],"version-history":[{"count":3,"href":"https:\/\/eldiariodesanpedro.com.ar\/sitio\/wp-json\/wp\/v2\/posts\/114346\/revisions"}],"predecessor-version":[{"id":114356,"href":"https:\/\/eldiariodesanpedro.com.ar\/sitio\/wp-json\/wp\/v2\/posts\/114346\/revisions\/114356"}],"wp:featuredmedia":[{"embeddable":true,"href":"https:\/\/eldiariodesanpedro.com.ar\/sitio\/wp-json\/wp\/v2\/media\/114315"}],"wp:attachment":[{"href":"https:\/\/eldiariodesanpedro.com.ar\/sitio\/wp-json\/wp\/v2\/media?parent=114346"}],"wp:term":[{"taxonomy":"category","embeddable":true,"href":"https:\/\/eldiariodesanpedro.com.ar\/sitio\/wp-json\/wp\/v2\/categories?post=114346"},{"taxonomy":"post_tag","embeddable":true,"href":"https:\/\/eldiariodesanpedro.com.ar\/sitio\/wp-json\/wp\/v2\/tags?post=114346"}],"curies":[{"name":"wp","href":"https:\/\/api.w.org\/{rel}","templated":true}]}}