{"id":114344,"date":"2023-01-19T17:25:16","date_gmt":"2023-01-19T20:25:16","guid":{"rendered":"https:\/\/eldiariodesanpedro.com.ar\/sitio\/?p=114344"},"modified":"2023-01-19T17:25:17","modified_gmt":"2023-01-19T20:25:17","slug":"corte-de-energia-programado-por-coopser-para-manana-viernes-en-zona-centrica","status":"publish","type":"post","link":"https:\/\/eldiariodesanpedro.com.ar\/sitio\/corte-de-energia-programado-por-coopser-para-manana-viernes-en-zona-centrica\/","title":{"rendered":"Corte de energ\u00eda programado por Coopser para ma\u00f1ana viernes en zona c\u00e9ntrica"},"content":{"rendered":"<!-- VideographyWP Plugin Message: Automatic video embedding prevented by plugin options. -->\n\n<p>Este viernes 20 de enero la Cooperadora de Electricidad de nuestra ciudad realizara un corte de energ\u00eda en el sector comprendido Av. Sarmiento, San Martin, Litoral y Av. 3 de Febrero.<\/p>\n\n\n\n<p>El corte se realizara debido a tareas de mantenimiento desde las 7 am hasta las 8 am.<\/p>\n\n\n\n<p>En caso de mal tiempo ser\u00e1 reprogramado.<\/p>\n","protected":false},"excerpt":{"rendered":"<p>Este viernes 20 de enero la Cooperadora de Electricidad de nuestra ciudad realizara un corte de energ\u00eda en el sector comprendido Av. Sarmiento, San Martin, Litoral y Av. 3 de Febrero. El corte se realizara debido a tareas de mantenimiento desde las 7 am hasta las 8 am. En caso de mal tiempo ser\u00e1 reprogramado.<\/p>\n","protected":false},"author":4,"featured_media":28931,"comment_status":"closed","ping_status":"closed","sticky":false,"template":"","format":"standard","meta":{"om_disable_all_campaigns":false,"_jetpack_memberships_contains_paid_content":false,"footnotes":""},"categories":[101,2],"tags":[197,696,33,19],"class_list":["post-114344","post","type-post","status-publish","format-standard","has-post-thumbnail","hentry","category-interes-general-locales","category-locales","tag-buenos-aires","tag-interes-general","tag-locales","tag-san-pedro"],"aioseo_notices":[],"gutentor_comment":0,"jetpack_featured_media_url":"https:\/\/eldiariodesanpedro.com.ar\/sitio\/wp-content\/uploads\/2018\/02\/Trabajos-de-COOPSER.jpg","jetpack_shortlink":"https:\/\/wp.me\/p6RhLt-tKg","jetpack_sharing_enabled":true,"_links":{"self":[{"href":"https:\/\/eldiariodesanpedro.com.ar\/sitio\/wp-json\/wp\/v2\/posts\/114344","targetHints":{"allow":["GET"]}}],"collection":[{"href":"https:\/\/eldiariodesanpedro.com.ar\/sitio\/wp-json\/wp\/v2\/posts"}],"about":[{"href":"https:\/\/eldiariodesanpedro.com.ar\/sitio\/wp-json\/wp\/v2\/types\/post"}],"author":[{"embeddable":true,"href":"https:\/\/eldiariodesanpedro.com.ar\/sitio\/wp-json\/wp\/v2\/users\/4"}],"replies":[{"embeddable":true,"href":"https:\/\/eldiariodesanpedro.com.ar\/sitio\/wp-json\/wp\/v2\/comments?post=114344"}],"version-history":[{"count":1,"href":"https:\/\/eldiariodesanpedro.com.ar\/sitio\/wp-json\/wp\/v2\/posts\/114344\/revisions"}],"predecessor-version":[{"id":114345,"href":"https:\/\/eldiariodesanpedro.com.ar\/sitio\/wp-json\/wp\/v2\/posts\/114344\/revisions\/114345"}],"wp:featuredmedia":[{"embeddable":true,"href":"https:\/\/eldiariodesanpedro.com.ar\/sitio\/wp-json\/wp\/v2\/media\/28931"}],"wp:attachment":[{"href":"https:\/\/eldiariodesanpedro.com.ar\/sitio\/wp-json\/wp\/v2\/media?parent=114344"}],"wp:term":[{"taxonomy":"category","embeddable":true,"href":"https:\/\/eldiariodesanpedro.com.ar\/sitio\/wp-json\/wp\/v2\/categories?post=114344"},{"taxonomy":"post_tag","embeddable":true,"href":"https:\/\/eldiariodesanpedro.com.ar\/sitio\/wp-json\/wp\/v2\/tags?post=114344"}],"curies":[{"name":"wp","href":"https:\/\/api.w.org\/{rel}","templated":true}]}}