{"id":114336,"date":"2023-01-19T17:00:49","date_gmt":"2023-01-19T20:00:49","guid":{"rendered":"https:\/\/eldiariodesanpedro.com.ar\/sitio\/?p=114336"},"modified":"2023-01-19T17:00:51","modified_gmt":"2023-01-19T20:00:51","slug":"jornada-informativa-programa-acercar-derechos","status":"publish","type":"post","link":"https:\/\/eldiariodesanpedro.com.ar\/sitio\/jornada-informativa-programa-acercar-derechos\/","title":{"rendered":"Jornada informativa programa Acercar Derechos"},"content":{"rendered":"<!-- VideographyWP Plugin Message: Automatic video embedding prevented by plugin options. -->\n\n<p>Esta tarde, desde las 18.30, se realizar\u00e1 en Plaza Belgrano una jornada informativa sobre el Programa Acercar Derechos (PAD), dependiente del Ministerio de las Mujeres, G\u00e9nero y Diversidad de la Naci\u00f3n, en conjunto con la Secretar\u00eda de Pol\u00edticas de G\u00e9nero, Mujeres y Diversidad de la Municipalidad de San Pedro.<\/p>\n\n\n\n<p>En el marco de esta actividad estar\u00e1n presentes integrantes del equipo del ministerio nacional, encabezadas por la subsecretaria de Abordaje Integral de las Violencias por Razones de G\u00e9nero, Laurana Malacalza.<\/p>\n\n\n\n<p>El Programa Acercar Derechos (PAD) es una pol\u00edtica para fortalecer el acceso a derechos y al sistema de justicia de mujeres y LGBTI+ en situaci\u00f3n de violencia a trav\u00e9s de acompa\u00f1amiento integral e intercultural en todo el pa\u00eds.<\/p>\n\n\n\n<p>Es un programa integral porque implica trabajar de manera coordinada en los distintos niveles del Estado y con organizaciones sociales y comunitarias, reconociendo las particularidades y din\u00e1micas que adquieren las violencias de g\u00e9nero en los distintos territorios.<\/p>\n","protected":false},"excerpt":{"rendered":"<p>Esta tarde, desde las 18.30, se realizar\u00e1 en Plaza Belgrano una jornada informativa sobre el Programa Acercar Derechos (PAD), dependiente del Ministerio de las Mujeres, G\u00e9nero y Diversidad de la Naci\u00f3n, en conjunto con la Secretar\u00eda de Pol\u00edticas de G\u00e9nero, Mujeres y Diversidad de la Municipalidad de San Pedro. En el marco de esta actividad [&hellip;]<\/p>\n","protected":false},"author":4,"featured_media":114337,"comment_status":"closed","ping_status":"closed","sticky":false,"template":"","format":"standard","meta":{"om_disable_all_campaigns":false,"_jetpack_memberships_contains_paid_content":false,"footnotes":""},"categories":[101,2],"tags":[197,33,95,19],"class_list":["post-114336","post","type-post","status-publish","format-standard","has-post-thumbnail","hentry","category-interes-general-locales","category-locales","tag-buenos-aires","tag-locales","tag-policiales","tag-san-pedro"],"aioseo_notices":[],"gutentor_comment":0,"jetpack_featured_media_url":"https:\/\/eldiariodesanpedro.com.ar\/sitio\/wp-content\/uploads\/2023\/01\/medida-2-22.jpg","jetpack_shortlink":"https:\/\/wp.me\/p6RhLt-tK8","jetpack_sharing_enabled":true,"_links":{"self":[{"href":"https:\/\/eldiariodesanpedro.com.ar\/sitio\/wp-json\/wp\/v2\/posts\/114336","targetHints":{"allow":["GET"]}}],"collection":[{"href":"https:\/\/eldiariodesanpedro.com.ar\/sitio\/wp-json\/wp\/v2\/posts"}],"about":[{"href":"https:\/\/eldiariodesanpedro.com.ar\/sitio\/wp-json\/wp\/v2\/types\/post"}],"author":[{"embeddable":true,"href":"https:\/\/eldiariodesanpedro.com.ar\/sitio\/wp-json\/wp\/v2\/users\/4"}],"replies":[{"embeddable":true,"href":"https:\/\/eldiariodesanpedro.com.ar\/sitio\/wp-json\/wp\/v2\/comments?post=114336"}],"version-history":[{"count":1,"href":"https:\/\/eldiariodesanpedro.com.ar\/sitio\/wp-json\/wp\/v2\/posts\/114336\/revisions"}],"predecessor-version":[{"id":114338,"href":"https:\/\/eldiariodesanpedro.com.ar\/sitio\/wp-json\/wp\/v2\/posts\/114336\/revisions\/114338"}],"wp:featuredmedia":[{"embeddable":true,"href":"https:\/\/eldiariodesanpedro.com.ar\/sitio\/wp-json\/wp\/v2\/media\/114337"}],"wp:attachment":[{"href":"https:\/\/eldiariodesanpedro.com.ar\/sitio\/wp-json\/wp\/v2\/media?parent=114336"}],"wp:term":[{"taxonomy":"category","embeddable":true,"href":"https:\/\/eldiariodesanpedro.com.ar\/sitio\/wp-json\/wp\/v2\/categories?post=114336"},{"taxonomy":"post_tag","embeddable":true,"href":"https:\/\/eldiariodesanpedro.com.ar\/sitio\/wp-json\/wp\/v2\/tags?post=114336"}],"curies":[{"name":"wp","href":"https:\/\/api.w.org\/{rel}","templated":true}]}}