{"id":114332,"date":"2023-01-19T16:44:11","date_gmt":"2023-01-19T19:44:11","guid":{"rendered":"https:\/\/eldiariodesanpedro.com.ar\/sitio\/?p=114332"},"modified":"2023-01-19T16:44:13","modified_gmt":"2023-01-19T19:44:13","slug":"reunion-en-el-ministerio-de-desarrollo-social-de-la-nacion-para-la-implementacion-de-mas-politicas-sociales","status":"publish","type":"post","link":"https:\/\/eldiariodesanpedro.com.ar\/sitio\/reunion-en-el-ministerio-de-desarrollo-social-de-la-nacion-para-la-implementacion-de-mas-politicas-sociales\/","title":{"rendered":"Reuni\u00f3n en el Ministerio de Desarrollo Social de la Naci\u00f3n para la implementaci\u00f3n de m\u00e1s pol\u00edticas sociales"},"content":{"rendered":"<!-- VideographyWP Plugin Message: Automatic video embedding prevented by plugin options. -->\n\n<p>Este mi\u00e9rcoles, el Secretario de Desarrollo Humano, Walter S\u00e1nchez fue recibido junto al Director de Asistencia Directa, Jos\u00e9 Franchini por Osvaldo Minervini, Jefe de Gabinete de la Secretar\u00eda de Pol\u00edticas Sociales dependiente del Ministerio de Desarrollo Social de la Naci\u00f3n.<\/p>\n\n\n\n<p>Durante el encuentro, se realizaron gestiones para implementar en San Pedro diferentes programas y financiamientos que lleva adelante el Ministerio que conduce Victoria Tolosa Paz.<\/p>\n\n\n\n<p>Entre los temas tratados se destacan la solicitud del financiamiento para la recuperaci\u00f3n del Parab\u00f3lico del Amanecer, la construcci\u00f3n de un Centro Juvenil en Gobernador Castro y la construcci\u00f3n de cinco nuevos playones deportivos en el Partido.<\/p>\n\n\n\n<p>Adem\u00e1s, se coordinaron acciones conjuntas para la articulaci\u00f3n con la Direcci\u00f3n de Asistencia Cr\u00edtica del Ministerio ante casos de emergencia habitacional y la implementaci\u00f3n del Programa Nacional \u201cN\u00facleos H\u00famedos\u201d, que propone la construcci\u00f3n de m\u00f3dulos sanitarios de ba\u00f1o, cocina y lavadero para mejorar la calidad de vida de las familias de los Barrios Populares, contemplando el acceso al agua, el saneamiento y la electricidad segura.<\/p>\n\n\n\n<figure class=\"wp-block-image size-full\"><img decoding=\"async\" width=\"473\" height=\"630\" data-attachment-id=\"114334\" data-permalink=\"https:\/\/eldiariodesanpedro.com.ar\/sitio\/reunion-en-el-ministerio-de-desarrollo-social-de-la-nacion-para-la-implementacion-de-mas-politicas-sociales\/whatsapp-image-2023-01-18-at-18-02-26\/\" data-orig-file=\"https:\/\/eldiariodesanpedro.com.ar\/sitio\/wp-content\/uploads\/2023\/01\/WhatsApp-Image-2023-01-18-at-18.02.26.jpeg\" data-orig-size=\"473,630\" data-comments-opened=\"0\" data-image-meta=\"{&quot;aperture&quot;:&quot;0&quot;,&quot;credit&quot;:&quot;&quot;,&quot;camera&quot;:&quot;&quot;,&quot;caption&quot;:&quot;&quot;,&quot;created_timestamp&quot;:&quot;0&quot;,&quot;copyright&quot;:&quot;&quot;,&quot;focal_length&quot;:&quot;0&quot;,&quot;iso&quot;:&quot;0&quot;,&quot;shutter_speed&quot;:&quot;0&quot;,&quot;title&quot;:&quot;&quot;,&quot;orientation&quot;:&quot;0&quot;}\" data-image-title=\"WhatsApp Image 2023-01-18 at 18.02.26\" data-image-description=\"\" data-image-caption=\"\" data-large-file=\"https:\/\/eldiariodesanpedro.com.ar\/sitio\/wp-content\/uploads\/2023\/01\/WhatsApp-Image-2023-01-18-at-18.02.26.jpeg\" data-src=\"https:\/\/eldiariodesanpedro.com.ar\/sitio\/wp-content\/uploads\/2023\/01\/WhatsApp-Image-2023-01-18-at-18.02.26.jpeg\" alt=\"\" class=\"wp-image-114334 lazyload\" data-srcset=\"https:\/\/eldiariodesanpedro.com.ar\/sitio\/wp-content\/uploads\/2023\/01\/WhatsApp-Image-2023-01-18-at-18.02.26.jpeg 473w, https:\/\/eldiariodesanpedro.com.ar\/sitio\/wp-content\/uploads\/2023\/01\/WhatsApp-Image-2023-01-18-at-18.02.26-225x300.jpeg 225w\" data-sizes=\"(max-width: 473px) 100vw, 473px\" src=\"data:image\/svg+xml;base64,PHN2ZyB3aWR0aD0iMSIgaGVpZ2h0PSIxIiB4bWxucz0iaHR0cDovL3d3dy53My5vcmcvMjAwMC9zdmciPjwvc3ZnPg==\" style=\"--smush-placeholder-width: 473px; --smush-placeholder-aspect-ratio: 473\/630;\" \/><\/figure>\n","protected":false},"excerpt":{"rendered":"<p>Este mi\u00e9rcoles, el Secretario de Desarrollo Humano, Walter S\u00e1nchez fue recibido junto al Director de Asistencia Directa, Jos\u00e9 Franchini por Osvaldo Minervini, Jefe de Gabinete de la Secretar\u00eda de Pol\u00edticas Sociales dependiente del Ministerio de Desarrollo Social de la Naci\u00f3n. Durante el encuentro, se realizaron gestiones para implementar en San Pedro diferentes programas y financiamientos [&hellip;]<\/p>\n","protected":false},"author":4,"featured_media":114333,"comment_status":"closed","ping_status":"closed","sticky":false,"template":"","format":"standard","meta":{"om_disable_all_campaigns":false,"_jetpack_memberships_contains_paid_content":false,"footnotes":""},"categories":[2,102],"tags":[197,33,19],"class_list":["post-114332","post","type-post","status-publish","format-standard","has-post-thumbnail","hentry","category-locales","category-politica-locales","tag-buenos-aires","tag-locales","tag-san-pedro"],"aioseo_notices":[],"gutentor_comment":0,"jetpack_featured_media_url":"https:\/\/eldiariodesanpedro.com.ar\/sitio\/wp-content\/uploads\/2023\/01\/WhatsApp-Image-2023-01-18-at-18.02.24.jpeg","jetpack_shortlink":"https:\/\/wp.me\/p6RhLt-tK4","jetpack_sharing_enabled":true,"_links":{"self":[{"href":"https:\/\/eldiariodesanpedro.com.ar\/sitio\/wp-json\/wp\/v2\/posts\/114332","targetHints":{"allow":["GET"]}}],"collection":[{"href":"https:\/\/eldiariodesanpedro.com.ar\/sitio\/wp-json\/wp\/v2\/posts"}],"about":[{"href":"https:\/\/eldiariodesanpedro.com.ar\/sitio\/wp-json\/wp\/v2\/types\/post"}],"author":[{"embeddable":true,"href":"https:\/\/eldiariodesanpedro.com.ar\/sitio\/wp-json\/wp\/v2\/users\/4"}],"replies":[{"embeddable":true,"href":"https:\/\/eldiariodesanpedro.com.ar\/sitio\/wp-json\/wp\/v2\/comments?post=114332"}],"version-history":[{"count":1,"href":"https:\/\/eldiariodesanpedro.com.ar\/sitio\/wp-json\/wp\/v2\/posts\/114332\/revisions"}],"predecessor-version":[{"id":114335,"href":"https:\/\/eldiariodesanpedro.com.ar\/sitio\/wp-json\/wp\/v2\/posts\/114332\/revisions\/114335"}],"wp:featuredmedia":[{"embeddable":true,"href":"https:\/\/eldiariodesanpedro.com.ar\/sitio\/wp-json\/wp\/v2\/media\/114333"}],"wp:attachment":[{"href":"https:\/\/eldiariodesanpedro.com.ar\/sitio\/wp-json\/wp\/v2\/media?parent=114332"}],"wp:term":[{"taxonomy":"category","embeddable":true,"href":"https:\/\/eldiariodesanpedro.com.ar\/sitio\/wp-json\/wp\/v2\/categories?post=114332"},{"taxonomy":"post_tag","embeddable":true,"href":"https:\/\/eldiariodesanpedro.com.ar\/sitio\/wp-json\/wp\/v2\/tags?post=114332"}],"curies":[{"name":"wp","href":"https:\/\/api.w.org\/{rel}","templated":true}]}}