{"id":114328,"date":"2023-01-19T16:25:59","date_gmt":"2023-01-19T19:25:59","guid":{"rendered":"https:\/\/eldiariodesanpedro.com.ar\/sitio\/?p=114328"},"modified":"2023-01-20T19:11:39","modified_gmt":"2023-01-20T22:11:39","slug":"lo-vas-a-matar-brutal-pelea-entre-jovenes-a-la-salida-de-un-boliche-frente-a-la-plaza-belgrano%ef%bf%bc","status":"publish","type":"post","link":"https:\/\/eldiariodesanpedro.com.ar\/sitio\/lo-vas-a-matar-brutal-pelea-entre-jovenes-a-la-salida-de-un-boliche-frente-a-la-plaza-belgrano%ef%bf%bc\/","title":{"rendered":"\u201c\u00a1Lo vas a matar!\u201d: brutal pelea entre j\u00f3venes a la salida de un boliche frente a la plaza Belgrano\ufffc"},"content":{"rendered":"<!-- VideographyWP Plugin Message: Automatic video embedding prevented by plugin options. -->\n\n<p>Las im\u00e1genes se viralizaron en redes sociales y causaron conmoci\u00f3n en los usuarios. Tres personas fueron detenidas. Afortunadamente, nadie sufri\u00f3 heridas graves.<\/p>\n\n\n\n<iframe data-src=\"https:\/\/www.facebook.com\/plugins\/video.php?height=314&#038;href=https%3A%2F%2Fwww.facebook.com%2Fdiariosp2%2Fvideos%2F514881437379512%2F&#038;show_text=false&#038;width=560&#038;t=0\" width=\"560\" height=\"314\" style=\"border:none;overflow:hidden\" scrolling=\"no\" frameborder=\"0\" allowfullscreen=\"true\" allow=\"autoplay; clipboard-write; encrypted-media; picture-in-picture; web-share\" allowFullScreen=\"true\" src=\"data:image\/svg+xml;base64,PHN2ZyB3aWR0aD0iMSIgaGVpZ2h0PSIxIiB4bWxucz0iaHR0cDovL3d3dy53My5vcmcvMjAwMC9zdmciPjwvc3ZnPg==\" class=\"lazyload\" data-load-mode=\"1\"><\/iframe>\n\n\n\n<p>En medio del juicio por el crimen de Fernando B\u00e1ez Sosa, el joven asesinado a golpes a la salida de un boliche en Villa Gesell, se conocieron en las \u00faltimas horas las im\u00e1genes de una feroz pelea a la salida de un local bailable en San Pedro.<\/p>\n\n\n\n<p>Los videos filmados por las personas presentes en el lugar muestran la brutalidad de la agresi\u00f3n. En menos de dos minutos, volaron cascos de motos, patadas y trompadas. A causa de ello, tres personas fueron detenidas.<\/p>\n\n\n\n<p>Todo sucedi\u00f3 durante la madrugada del domingo en las afueras del boliche ubicado en la intersecci\u00f3n de las calles Balcarce y 25 de Mayo.<\/p>\n\n\n\n<p>All\u00ed comenzaron a escucharse los gritos de unas j\u00f3venes que advert\u00edan las violencia de la situaci\u00f3n. \u201c\u00a1Basta, lo pod\u00e9s matar, soltalo!\u201d, dec\u00edan mientras ve\u00edan objetos por los aires. \u201c\u00bfNo tienen familia ustedes?\u201d, cuestion\u00f3 otra chica.<\/p>\n\n\n\n<p>Sin embargo, nada calm\u00f3 la situaci\u00f3n. Uno de los involucrados en la pelea termin\u00f3 en el piso y el resto le peg\u00f3 pi\u00f1as y patadas. Uno, incluso, lo quiso golpear en la cabeza y, afortunadamente, no acert\u00f3.<\/p>\n\n\n\n<p>Cuando parec\u00eda que el enfrentamiento se hab\u00eda terminado, los dos hombres volvieron a cruzarse en la calle y todo se intensific\u00f3. La Polic\u00eda lleg\u00f3 a la zona e intent\u00f3 calmar a los j\u00f3venes, pero no lo consiguieron y terminaron corri\u00e9ndolos para frenar la violencia.<\/p>\n\n\n\n<p>Pablo Quiroga, un vecino del lugar, cont\u00f3 a TN c\u00f3mo vivi\u00f3 el episodio y asegur\u00f3 que estas situaciones se suceden semana a semana: \u201cEmpec\u00e9 a escuchar griter\u00edos y me acerqu\u00e9 para ver. Algunas chicas de alrededor intentaban separar, pero no pod\u00edan\u201d, manifest\u00f3.<\/p>\n\n\n\n<p>En el mismo sentido, el hombre lament\u00f3 la situaci\u00f3n: \u201cCon todo lo que estamos viendo y viviendo con el caso de Fernando B\u00e1ez Sosa es como que no aprendimos. Son chicos jovencitos y todos conocidos. Antes se ve\u00edan cosas pero no as\u00ed, hay uno que le tira una patada que si le agarra la cabeza y lo desnuca\u201d.<\/p>\n\n\n\n<p>Fuente: TN<\/p>\n","protected":false},"excerpt":{"rendered":"<p>Las im\u00e1genes se viralizaron en redes sociales y causaron conmoci\u00f3n en los usuarios. Tres personas fueron detenidas. Afortunadamente, nadie sufri\u00f3 heridas graves. En medio del juicio por el crimen de Fernando B\u00e1ez Sosa, el joven asesinado a golpes a la salida de un boliche en Villa Gesell, se conocieron en las \u00faltimas horas las im\u00e1genes [&hellip;]<\/p>\n","protected":false},"author":4,"featured_media":114329,"comment_status":"closed","ping_status":"closed","sticky":false,"template":"","format":"standard","meta":{"om_disable_all_campaigns":false,"_jetpack_memberships_contains_paid_content":false,"footnotes":""},"categories":[2],"tags":[197,33,95,19],"class_list":["post-114328","post","type-post","status-publish","format-standard","has-post-thumbnail","hentry","category-locales","tag-buenos-aires","tag-locales","tag-policiales","tag-san-pedro"],"aioseo_notices":[],"gutentor_comment":0,"jetpack_featured_media_url":"https:\/\/eldiariodesanpedro.com.ar\/sitio\/wp-content\/uploads\/2023\/01\/medida-2-21.jpg","jetpack_shortlink":"https:\/\/wp.me\/p6RhLt-tK0","jetpack_sharing_enabled":true,"_links":{"self":[{"href":"https:\/\/eldiariodesanpedro.com.ar\/sitio\/wp-json\/wp\/v2\/posts\/114328","targetHints":{"allow":["GET"]}}],"collection":[{"href":"https:\/\/eldiariodesanpedro.com.ar\/sitio\/wp-json\/wp\/v2\/posts"}],"about":[{"href":"https:\/\/eldiariodesanpedro.com.ar\/sitio\/wp-json\/wp\/v2\/types\/post"}],"author":[{"embeddable":true,"href":"https:\/\/eldiariodesanpedro.com.ar\/sitio\/wp-json\/wp\/v2\/users\/4"}],"replies":[{"embeddable":true,"href":"https:\/\/eldiariodesanpedro.com.ar\/sitio\/wp-json\/wp\/v2\/comments?post=114328"}],"version-history":[{"count":1,"href":"https:\/\/eldiariodesanpedro.com.ar\/sitio\/wp-json\/wp\/v2\/posts\/114328\/revisions"}],"predecessor-version":[{"id":114330,"href":"https:\/\/eldiariodesanpedro.com.ar\/sitio\/wp-json\/wp\/v2\/posts\/114328\/revisions\/114330"}],"wp:featuredmedia":[{"embeddable":true,"href":"https:\/\/eldiariodesanpedro.com.ar\/sitio\/wp-json\/wp\/v2\/media\/114329"}],"wp:attachment":[{"href":"https:\/\/eldiariodesanpedro.com.ar\/sitio\/wp-json\/wp\/v2\/media?parent=114328"}],"wp:term":[{"taxonomy":"category","embeddable":true,"href":"https:\/\/eldiariodesanpedro.com.ar\/sitio\/wp-json\/wp\/v2\/categories?post=114328"},{"taxonomy":"post_tag","embeddable":true,"href":"https:\/\/eldiariodesanpedro.com.ar\/sitio\/wp-json\/wp\/v2\/tags?post=114328"}],"curies":[{"name":"wp","href":"https:\/\/api.w.org\/{rel}","templated":true}]}}