{"id":114290,"date":"2023-01-19T13:07:48","date_gmt":"2023-01-19T16:07:48","guid":{"rendered":"https:\/\/eldiariodesanpedro.com.ar\/sitio\/?p=114290"},"modified":"2023-01-19T13:07:50","modified_gmt":"2023-01-19T16:07:50","slug":"massa-se-reune-en-san-pedro-con-la-mesa-de-enlace","status":"publish","type":"post","link":"https:\/\/eldiariodesanpedro.com.ar\/sitio\/massa-se-reune-en-san-pedro-con-la-mesa-de-enlace\/","title":{"rendered":"Massa se re\u00fane en San Pedro con la Mesa de Enlace"},"content":{"rendered":"<!-- VideographyWP Plugin Message: Automatic video embedding prevented by plugin options. -->\n\n<p>El encuentro se realizar\u00e1 el viernes en las instalaciones del INTA San Pedro. Participar\u00e1n tambi\u00e9n el Secretario de Agricultura y otros funcionarios nacionales.<\/p>\n\n\n\n<p>El ministro de Econom\u00eda, Sergio Massa, encabezar\u00e1 ma\u00f1ana desde las 10 una reuni\u00f3n con los dirigentes de la Mesa de Enlace. Se realizar\u00e1 en la sede del INTA San Pedro, en la provincia de Buenos Aires. Participar\u00e1n delivaeencuentro el Secretario de Agricultura, Juan Jos\u00e9 Bahillo, y funcionarios de la AFIP, el INTA y el Banco Naci\u00f3n.<\/p>\n\n\n\n<p>\u00abSer\u00e1 una reuni\u00f3n integral para abordar el tema de la sequ\u00eda\u201d, dijo una fuente oficial a este medio, confirmando la convocatoria del Gobierno a los representantes de los productores agropecuarios, tal como lo hab\u00eda adelantado el propio Sergio Massa durante una entrevista exclusiva con este medio durante el \u00faltimo fin de semana.<\/p>\n\n\n\n<p>Infobae<\/p>\n","protected":false},"excerpt":{"rendered":"<p>El encuentro se realizar\u00e1 el viernes en las instalaciones del INTA San Pedro. Participar\u00e1n tambi\u00e9n el Secretario de Agricultura y otros funcionarios nacionales. El ministro de Econom\u00eda, Sergio Massa, encabezar\u00e1 ma\u00f1ana desde las 10 una reuni\u00f3n con los dirigentes de la Mesa de Enlace. Se realizar\u00e1 en la sede del INTA San Pedro, en la [&hellip;]<\/p>\n","protected":false},"author":4,"featured_media":114295,"comment_status":"closed","ping_status":"closed","sticky":false,"template":"","format":"standard","meta":{"om_disable_all_campaigns":false,"_jetpack_memberships_contains_paid_content":false,"footnotes":""},"categories":[50,101,2],"tags":[197,696,33,19],"class_list":["post-114290","post","type-post","status-publish","format-standard","has-post-thumbnail","hentry","category-destacadas","category-interes-general-locales","category-locales","tag-buenos-aires","tag-interes-general","tag-locales","tag-san-pedro"],"aioseo_notices":[],"gutentor_comment":0,"jetpack_featured_media_url":"https:\/\/eldiariodesanpedro.com.ar\/sitio\/wp-content\/uploads\/2023\/01\/0000021565-resized-1920x1080-1.jpg","jetpack_shortlink":"https:\/\/wp.me\/p6RhLt-tJo","jetpack_sharing_enabled":true,"_links":{"self":[{"href":"https:\/\/eldiariodesanpedro.com.ar\/sitio\/wp-json\/wp\/v2\/posts\/114290","targetHints":{"allow":["GET"]}}],"collection":[{"href":"https:\/\/eldiariodesanpedro.com.ar\/sitio\/wp-json\/wp\/v2\/posts"}],"about":[{"href":"https:\/\/eldiariodesanpedro.com.ar\/sitio\/wp-json\/wp\/v2\/types\/post"}],"author":[{"embeddable":true,"href":"https:\/\/eldiariodesanpedro.com.ar\/sitio\/wp-json\/wp\/v2\/users\/4"}],"replies":[{"embeddable":true,"href":"https:\/\/eldiariodesanpedro.com.ar\/sitio\/wp-json\/wp\/v2\/comments?post=114290"}],"version-history":[{"count":1,"href":"https:\/\/eldiariodesanpedro.com.ar\/sitio\/wp-json\/wp\/v2\/posts\/114290\/revisions"}],"predecessor-version":[{"id":114296,"href":"https:\/\/eldiariodesanpedro.com.ar\/sitio\/wp-json\/wp\/v2\/posts\/114290\/revisions\/114296"}],"wp:featuredmedia":[{"embeddable":true,"href":"https:\/\/eldiariodesanpedro.com.ar\/sitio\/wp-json\/wp\/v2\/media\/114295"}],"wp:attachment":[{"href":"https:\/\/eldiariodesanpedro.com.ar\/sitio\/wp-json\/wp\/v2\/media?parent=114290"}],"wp:term":[{"taxonomy":"category","embeddable":true,"href":"https:\/\/eldiariodesanpedro.com.ar\/sitio\/wp-json\/wp\/v2\/categories?post=114290"},{"taxonomy":"post_tag","embeddable":true,"href":"https:\/\/eldiariodesanpedro.com.ar\/sitio\/wp-json\/wp\/v2\/tags?post=114290"}],"curies":[{"name":"wp","href":"https:\/\/api.w.org\/{rel}","templated":true}]}}