{"id":114268,"date":"2023-01-19T00:23:47","date_gmt":"2023-01-19T03:23:47","guid":{"rendered":"https:\/\/eldiariodesanpedro.com.ar\/sitio\/?p=114268"},"modified":"2023-01-19T00:24:58","modified_gmt":"2023-01-19T03:24:58","slug":"dos-automoviles-y-un-camion-colisionaron-en-ruta-9","status":"publish","type":"post","link":"https:\/\/eldiariodesanpedro.com.ar\/sitio\/dos-automoviles-y-un-camion-colisionaron-en-ruta-9\/","title":{"rendered":"Dos autom\u00f3viles y un cami\u00f3n colisionaron en ruta 9"},"content":{"rendered":"<!-- VideographyWP Plugin Message: Automatic video embedding prevented by plugin options. -->\n\n<p>En la noche de este mi\u00e9rcoles ocurri\u00f3 un accidente donde se vieron involucrados tres rodados, y donde afortunadamente no hubo que lamentar victimas graves.<\/p>\n\n\n\n<p>El siniestro tuvo lugar sobre la ruta nacional 9 en el km 156 carril Buenos Aires Rosario alrededor de las 23 hs donde por razones que se tratan de establecer un cami\u00f3n perdi\u00f3 el control al colisionar con una camioneta Volkswagen Amarok quien tambi\u00e9n despisto y termino dentro del cantero central. Adem\u00e1s se vio involucrado un Volkswagen Fox que sufri\u00f3 da\u00f1os materiales.<\/p>\n\n\n\n<p>En el cami\u00f3n era conducido por su chofer mayor de edad, en la camioneta circulaban cuatro personas tres de nacionalidad paraguayos y uno oriundo de Buenos Aires, por ultimo en el autom\u00f3vil circulaba un trabajador de la estaci\u00f3n de servicio Shell oriundo de la localidad de Santa Lucia.<\/p>\n\n\n\n<p>Todos los participantes del accidente fueron trasladados al nosocomio local para realizar controles pertinentes, solo uno de ellos sufri\u00f3 una herida en su hombro.<\/p>\n\n\n\n<p>El semi del cami\u00f3n quedo sobre la calzada durante un largo periodo por lo que se tuvo que cortar la circulaci\u00f3n completamente.<\/p>\n\n\n\n<figure class=\"wp-block-image size-large\"><img decoding=\"async\" width=\"1024\" height=\"576\" data-attachment-id=\"114277\" data-permalink=\"https:\/\/eldiariodesanpedro.com.ar\/sitio\/dos-automoviles-y-un-camion-colisionaron-en-ruta-9\/whatsapp-image-2023-01-18-at-23-32-57\/\" data-orig-file=\"https:\/\/eldiariodesanpedro.com.ar\/sitio\/wp-content\/uploads\/2023\/01\/WhatsApp-Image-2023-01-18-at-23.32.57.jpeg\" data-orig-size=\"1120,630\" data-comments-opened=\"0\" data-image-meta=\"{&quot;aperture&quot;:&quot;0&quot;,&quot;credit&quot;:&quot;&quot;,&quot;camera&quot;:&quot;&quot;,&quot;caption&quot;:&quot;&quot;,&quot;created_timestamp&quot;:&quot;0&quot;,&quot;copyright&quot;:&quot;&quot;,&quot;focal_length&quot;:&quot;0&quot;,&quot;iso&quot;:&quot;0&quot;,&quot;shutter_speed&quot;:&quot;0&quot;,&quot;title&quot;:&quot;&quot;,&quot;orientation&quot;:&quot;0&quot;}\" data-image-title=\"WhatsApp Image 2023-01-18 at 23.32.57\" data-image-description=\"\" data-image-caption=\"\" data-large-file=\"https:\/\/eldiariodesanpedro.com.ar\/sitio\/wp-content\/uploads\/2023\/01\/WhatsApp-Image-2023-01-18-at-23.32.57-1024x576.jpeg\" data-src=\"https:\/\/eldiariodesanpedro.com.ar\/sitio\/wp-content\/uploads\/2023\/01\/WhatsApp-Image-2023-01-18-at-23.32.57-1024x576.jpeg\" alt=\"\" class=\"wp-image-114277 lazyload\" data-srcset=\"https:\/\/eldiariodesanpedro.com.ar\/sitio\/wp-content\/uploads\/2023\/01\/WhatsApp-Image-2023-01-18-at-23.32.57-1024x576.jpeg 1024w, https:\/\/eldiariodesanpedro.com.ar\/sitio\/wp-content\/uploads\/2023\/01\/WhatsApp-Image-2023-01-18-at-23.32.57-300x169.jpeg 300w, https:\/\/eldiariodesanpedro.com.ar\/sitio\/wp-content\/uploads\/2023\/01\/WhatsApp-Image-2023-01-18-at-23.32.57-768x432.jpeg 768w, https:\/\/eldiariodesanpedro.com.ar\/sitio\/wp-content\/uploads\/2023\/01\/WhatsApp-Image-2023-01-18-at-23.32.57.jpeg 1120w\" data-sizes=\"(max-width: 1024px) 100vw, 1024px\" src=\"data:image\/svg+xml;base64,PHN2ZyB3aWR0aD0iMSIgaGVpZ2h0PSIxIiB4bWxucz0iaHR0cDovL3d3dy53My5vcmcvMjAwMC9zdmciPjwvc3ZnPg==\" style=\"--smush-placeholder-width: 1024px; --smush-placeholder-aspect-ratio: 1024\/576;\" \/><\/figure>\n\n\n\n<figure class=\"wp-block-image size-large\"><img decoding=\"async\" width=\"1024\" height=\"576\" data-attachment-id=\"114276\" data-permalink=\"https:\/\/eldiariodesanpedro.com.ar\/sitio\/dos-automoviles-y-un-camion-colisionaron-en-ruta-9\/whatsapp-image-2023-01-18-at-23-32-56\/\" data-orig-file=\"https:\/\/eldiariodesanpedro.com.ar\/sitio\/wp-content\/uploads\/2023\/01\/WhatsApp-Image-2023-01-18-at-23.32.56.jpeg\" data-orig-size=\"1120,630\" data-comments-opened=\"0\" data-image-meta=\"{&quot;aperture&quot;:&quot;0&quot;,&quot;credit&quot;:&quot;&quot;,&quot;camera&quot;:&quot;&quot;,&quot;caption&quot;:&quot;&quot;,&quot;created_timestamp&quot;:&quot;0&quot;,&quot;copyright&quot;:&quot;&quot;,&quot;focal_length&quot;:&quot;0&quot;,&quot;iso&quot;:&quot;0&quot;,&quot;shutter_speed&quot;:&quot;0&quot;,&quot;title&quot;:&quot;&quot;,&quot;orientation&quot;:&quot;0&quot;}\" data-image-title=\"WhatsApp Image 2023-01-18 at 23.32.56\" data-image-description=\"\" data-image-caption=\"\" data-large-file=\"https:\/\/eldiariodesanpedro.com.ar\/sitio\/wp-content\/uploads\/2023\/01\/WhatsApp-Image-2023-01-18-at-23.32.56-1024x576.jpeg\" data-src=\"https:\/\/eldiariodesanpedro.com.ar\/sitio\/wp-content\/uploads\/2023\/01\/WhatsApp-Image-2023-01-18-at-23.32.56-1024x576.jpeg\" alt=\"\" class=\"wp-image-114276 lazyload\" data-srcset=\"https:\/\/eldiariodesanpedro.com.ar\/sitio\/wp-content\/uploads\/2023\/01\/WhatsApp-Image-2023-01-18-at-23.32.56-1024x576.jpeg 1024w, https:\/\/eldiariodesanpedro.com.ar\/sitio\/wp-content\/uploads\/2023\/01\/WhatsApp-Image-2023-01-18-at-23.32.56-300x169.jpeg 300w, https:\/\/eldiariodesanpedro.com.ar\/sitio\/wp-content\/uploads\/2023\/01\/WhatsApp-Image-2023-01-18-at-23.32.56-768x432.jpeg 768w, https:\/\/eldiariodesanpedro.com.ar\/sitio\/wp-content\/uploads\/2023\/01\/WhatsApp-Image-2023-01-18-at-23.32.56.jpeg 1120w\" data-sizes=\"(max-width: 1024px) 100vw, 1024px\" src=\"data:image\/svg+xml;base64,PHN2ZyB3aWR0aD0iMSIgaGVpZ2h0PSIxIiB4bWxucz0iaHR0cDovL3d3dy53My5vcmcvMjAwMC9zdmciPjwvc3ZnPg==\" style=\"--smush-placeholder-width: 1024px; --smush-placeholder-aspect-ratio: 1024\/576;\" \/><\/figure>\n\n\n\n<figure class=\"wp-block-image size-large\"><img decoding=\"async\" width=\"1024\" height=\"576\" data-attachment-id=\"114271\" data-permalink=\"https:\/\/eldiariodesanpedro.com.ar\/sitio\/dos-automoviles-y-un-camion-colisionaron-en-ruta-9\/whatsapp-image-2023-01-18-at-23-32-53\/\" data-orig-file=\"https:\/\/eldiariodesanpedro.com.ar\/sitio\/wp-content\/uploads\/2023\/01\/WhatsApp-Image-2023-01-18-at-23.32.53.jpeg\" data-orig-size=\"1120,630\" data-comments-opened=\"0\" data-image-meta=\"{&quot;aperture&quot;:&quot;0&quot;,&quot;credit&quot;:&quot;&quot;,&quot;camera&quot;:&quot;&quot;,&quot;caption&quot;:&quot;&quot;,&quot;created_timestamp&quot;:&quot;0&quot;,&quot;copyright&quot;:&quot;&quot;,&quot;focal_length&quot;:&quot;0&quot;,&quot;iso&quot;:&quot;0&quot;,&quot;shutter_speed&quot;:&quot;0&quot;,&quot;title&quot;:&quot;&quot;,&quot;orientation&quot;:&quot;0&quot;}\" data-image-title=\"WhatsApp Image 2023-01-18 at 23.32.53\" data-image-description=\"\" data-image-caption=\"\" data-large-file=\"https:\/\/eldiariodesanpedro.com.ar\/sitio\/wp-content\/uploads\/2023\/01\/WhatsApp-Image-2023-01-18-at-23.32.53-1024x576.jpeg\" data-src=\"https:\/\/eldiariodesanpedro.com.ar\/sitio\/wp-content\/uploads\/2023\/01\/WhatsApp-Image-2023-01-18-at-23.32.53-1024x576.jpeg\" alt=\"\" class=\"wp-image-114271 lazyload\" data-srcset=\"https:\/\/eldiariodesanpedro.com.ar\/sitio\/wp-content\/uploads\/2023\/01\/WhatsApp-Image-2023-01-18-at-23.32.53-1024x576.jpeg 1024w, https:\/\/eldiariodesanpedro.com.ar\/sitio\/wp-content\/uploads\/2023\/01\/WhatsApp-Image-2023-01-18-at-23.32.53-300x169.jpeg 300w, https:\/\/eldiariodesanpedro.com.ar\/sitio\/wp-content\/uploads\/2023\/01\/WhatsApp-Image-2023-01-18-at-23.32.53-768x432.jpeg 768w, https:\/\/eldiariodesanpedro.com.ar\/sitio\/wp-content\/uploads\/2023\/01\/WhatsApp-Image-2023-01-18-at-23.32.53.jpeg 1120w\" data-sizes=\"(max-width: 1024px) 100vw, 1024px\" src=\"data:image\/svg+xml;base64,PHN2ZyB3aWR0aD0iMSIgaGVpZ2h0PSIxIiB4bWxucz0iaHR0cDovL3d3dy53My5vcmcvMjAwMC9zdmciPjwvc3ZnPg==\" style=\"--smush-placeholder-width: 1024px; --smush-placeholder-aspect-ratio: 1024\/576;\" \/><\/figure>\n\n\n\n<figure class=\"wp-block-image size-large\"><img decoding=\"async\" width=\"1024\" height=\"576\" data-attachment-id=\"114275\" data-permalink=\"https:\/\/eldiariodesanpedro.com.ar\/sitio\/dos-automoviles-y-un-camion-colisionaron-en-ruta-9\/whatsapp-image-2023-01-18-at-23-32-56-1\/\" data-orig-file=\"https:\/\/eldiariodesanpedro.com.ar\/sitio\/wp-content\/uploads\/2023\/01\/WhatsApp-Image-2023-01-18-at-23.32.56-1.jpeg\" data-orig-size=\"1120,630\" data-comments-opened=\"0\" data-image-meta=\"{&quot;aperture&quot;:&quot;0&quot;,&quot;credit&quot;:&quot;&quot;,&quot;camera&quot;:&quot;&quot;,&quot;caption&quot;:&quot;&quot;,&quot;created_timestamp&quot;:&quot;0&quot;,&quot;copyright&quot;:&quot;&quot;,&quot;focal_length&quot;:&quot;0&quot;,&quot;iso&quot;:&quot;0&quot;,&quot;shutter_speed&quot;:&quot;0&quot;,&quot;title&quot;:&quot;&quot;,&quot;orientation&quot;:&quot;0&quot;}\" data-image-title=\"WhatsApp Image 2023-01-18 at 23.32.56 (1)\" data-image-description=\"\" data-image-caption=\"\" data-large-file=\"https:\/\/eldiariodesanpedro.com.ar\/sitio\/wp-content\/uploads\/2023\/01\/WhatsApp-Image-2023-01-18-at-23.32.56-1-1024x576.jpeg\" data-src=\"https:\/\/eldiariodesanpedro.com.ar\/sitio\/wp-content\/uploads\/2023\/01\/WhatsApp-Image-2023-01-18-at-23.32.56-1-1024x576.jpeg\" alt=\"\" class=\"wp-image-114275 lazyload\" data-srcset=\"https:\/\/eldiariodesanpedro.com.ar\/sitio\/wp-content\/uploads\/2023\/01\/WhatsApp-Image-2023-01-18-at-23.32.56-1-1024x576.jpeg 1024w, https:\/\/eldiariodesanpedro.com.ar\/sitio\/wp-content\/uploads\/2023\/01\/WhatsApp-Image-2023-01-18-at-23.32.56-1-300x169.jpeg 300w, https:\/\/eldiariodesanpedro.com.ar\/sitio\/wp-content\/uploads\/2023\/01\/WhatsApp-Image-2023-01-18-at-23.32.56-1-768x432.jpeg 768w, https:\/\/eldiariodesanpedro.com.ar\/sitio\/wp-content\/uploads\/2023\/01\/WhatsApp-Image-2023-01-18-at-23.32.56-1.jpeg 1120w\" data-sizes=\"(max-width: 1024px) 100vw, 1024px\" src=\"data:image\/svg+xml;base64,PHN2ZyB3aWR0aD0iMSIgaGVpZ2h0PSIxIiB4bWxucz0iaHR0cDovL3d3dy53My5vcmcvMjAwMC9zdmciPjwvc3ZnPg==\" style=\"--smush-placeholder-width: 1024px; --smush-placeholder-aspect-ratio: 1024\/576;\" \/><\/figure>\n","protected":false},"excerpt":{"rendered":"<p>En la noche de este mi\u00e9rcoles ocurri\u00f3 un accidente donde se vieron involucrados tres rodados, y donde afortunadamente no hubo que lamentar victimas graves. El siniestro tuvo lugar sobre la ruta nacional 9 en el km 156 carril Buenos Aires Rosario alrededor de las 23 hs donde por razones que se tratan de establecer un [&hellip;]<\/p>\n","protected":false},"author":4,"featured_media":114269,"comment_status":"closed","ping_status":"closed","sticky":false,"template":"","format":"standard","meta":{"om_disable_all_campaigns":false,"_jetpack_memberships_contains_paid_content":false,"footnotes":""},"categories":[50,2,103],"tags":[197,33,95,19],"class_list":["post-114268","post","type-post","status-publish","format-standard","has-post-thumbnail","hentry","category-destacadas","category-locales","category-policiales-locales","tag-buenos-aires","tag-locales","tag-policiales","tag-san-pedro"],"aioseo_notices":[],"gutentor_comment":0,"jetpack_featured_media_url":"https:\/\/eldiariodesanpedro.com.ar\/sitio\/wp-content\/uploads\/2023\/01\/medida-2-19.jpg","jetpack_shortlink":"https:\/\/wp.me\/p6RhLt-tJ2","jetpack_sharing_enabled":true,"_links":{"self":[{"href":"https:\/\/eldiariodesanpedro.com.ar\/sitio\/wp-json\/wp\/v2\/posts\/114268","targetHints":{"allow":["GET"]}}],"collection":[{"href":"https:\/\/eldiariodesanpedro.com.ar\/sitio\/wp-json\/wp\/v2\/posts"}],"about":[{"href":"https:\/\/eldiariodesanpedro.com.ar\/sitio\/wp-json\/wp\/v2\/types\/post"}],"author":[{"embeddable":true,"href":"https:\/\/eldiariodesanpedro.com.ar\/sitio\/wp-json\/wp\/v2\/users\/4"}],"replies":[{"embeddable":true,"href":"https:\/\/eldiariodesanpedro.com.ar\/sitio\/wp-json\/wp\/v2\/comments?post=114268"}],"version-history":[{"count":2,"href":"https:\/\/eldiariodesanpedro.com.ar\/sitio\/wp-json\/wp\/v2\/posts\/114268\/revisions"}],"predecessor-version":[{"id":114279,"href":"https:\/\/eldiariodesanpedro.com.ar\/sitio\/wp-json\/wp\/v2\/posts\/114268\/revisions\/114279"}],"wp:featuredmedia":[{"embeddable":true,"href":"https:\/\/eldiariodesanpedro.com.ar\/sitio\/wp-json\/wp\/v2\/media\/114269"}],"wp:attachment":[{"href":"https:\/\/eldiariodesanpedro.com.ar\/sitio\/wp-json\/wp\/v2\/media?parent=114268"}],"wp:term":[{"taxonomy":"category","embeddable":true,"href":"https:\/\/eldiariodesanpedro.com.ar\/sitio\/wp-json\/wp\/v2\/categories?post=114268"},{"taxonomy":"post_tag","embeddable":true,"href":"https:\/\/eldiariodesanpedro.com.ar\/sitio\/wp-json\/wp\/v2\/tags?post=114268"}],"curies":[{"name":"wp","href":"https:\/\/api.w.org\/{rel}","templated":true}]}}