{"id":114264,"date":"2023-01-18T23:06:56","date_gmt":"2023-01-19T02:06:56","guid":{"rendered":"https:\/\/eldiariodesanpedro.com.ar\/sitio\/?p=114264"},"modified":"2023-01-18T23:12:19","modified_gmt":"2023-01-19T02:12:19","slug":"recuperaron-la-batea-de-uno-de-los-tres-camiones-que-se-robaron-en-la-madrugada-de-lunes","status":"publish","type":"post","link":"https:\/\/eldiariodesanpedro.com.ar\/sitio\/recuperaron-la-batea-de-uno-de-los-tres-camiones-que-se-robaron-en-la-madrugada-de-lunes\/","title":{"rendered":"Recuperaron la batea de uno de los tres camiones que se robaron en la madrugada de lunes"},"content":{"rendered":"<!-- VideographyWP Plugin Message: Automatic video embedding prevented by plugin options. -->\n\n<p>Tras tareas investigativas por parte del Grupo GTO lograron encontrar una batea del cami\u00f3n perteneciente a la familia Caputo.<\/p>\n\n\n\n<p>El registro de c\u00e1maras mas la ayuda de los mismos due\u00f1os que cooperaron en la investigaci\u00f3n pudieron dar con la batea de este cami\u00f3n en la ciudad de C\u00f3rdoba Capital.<\/p>\n\n\n\n<p>Seg\u00fan hab\u00eda informado Melgar en un grupo de camioneros que son parte hab\u00edan informado que los hab\u00edan visto pasar para aquella zona.<\/p>\n\n\n\n<p>A medida que la investigaci\u00f3n continua la fiscalia va a seguir informando, por ahora no se pudo dar con los tres tractores Mercedez.<\/p>\n\n\n\n<figure class=\"wp-block-image size-full\"><img decoding=\"async\" width=\"840\" height=\"630\" data-attachment-id=\"114131\" data-permalink=\"https:\/\/eldiariodesanpedro.com.ar\/sitio\/se-robaron-tres-camiones-que-se-encontraban-estacionados-en-la-estacion-de-servicios-puma\/324737355_840579570363897_4267499737193008589_n\/\" data-orig-file=\"https:\/\/eldiariodesanpedro.com.ar\/sitio\/wp-content\/uploads\/2023\/01\/324737355_840579570363897_4267499737193008589_n.jpg\" data-orig-size=\"840,630\" data-comments-opened=\"0\" data-image-meta=\"{&quot;aperture&quot;:&quot;0&quot;,&quot;credit&quot;:&quot;&quot;,&quot;camera&quot;:&quot;&quot;,&quot;caption&quot;:&quot;&quot;,&quot;created_timestamp&quot;:&quot;0&quot;,&quot;copyright&quot;:&quot;&quot;,&quot;focal_length&quot;:&quot;0&quot;,&quot;iso&quot;:&quot;0&quot;,&quot;shutter_speed&quot;:&quot;0&quot;,&quot;title&quot;:&quot;&quot;,&quot;orientation&quot;:&quot;0&quot;}\" data-image-title=\"324737355_840579570363897_4267499737193008589_n\" data-image-description=\"\" data-image-caption=\"\" data-large-file=\"https:\/\/eldiariodesanpedro.com.ar\/sitio\/wp-content\/uploads\/2023\/01\/324737355_840579570363897_4267499737193008589_n.jpg\" data-src=\"https:\/\/eldiariodesanpedro.com.ar\/sitio\/wp-content\/uploads\/2023\/01\/324737355_840579570363897_4267499737193008589_n.jpg\" alt=\"\" class=\"wp-image-114131 lazyload\" data-srcset=\"https:\/\/eldiariodesanpedro.com.ar\/sitio\/wp-content\/uploads\/2023\/01\/324737355_840579570363897_4267499737193008589_n.jpg 840w, https:\/\/eldiariodesanpedro.com.ar\/sitio\/wp-content\/uploads\/2023\/01\/324737355_840579570363897_4267499737193008589_n-300x225.jpg 300w, https:\/\/eldiariodesanpedro.com.ar\/sitio\/wp-content\/uploads\/2023\/01\/324737355_840579570363897_4267499737193008589_n-768x576.jpg 768w, https:\/\/eldiariodesanpedro.com.ar\/sitio\/wp-content\/uploads\/2023\/01\/324737355_840579570363897_4267499737193008589_n-272x204.jpg 272w\" data-sizes=\"(max-width: 840px) 100vw, 840px\" src=\"data:image\/svg+xml;base64,PHN2ZyB3aWR0aD0iMSIgaGVpZ2h0PSIxIiB4bWxucz0iaHR0cDovL3d3dy53My5vcmcvMjAwMC9zdmciPjwvc3ZnPg==\" style=\"--smush-placeholder-width: 840px; --smush-placeholder-aspect-ratio: 840\/630;\" \/><\/figure>\n","protected":false},"excerpt":{"rendered":"<p>Tras tareas investigativas por parte del Grupo GTO lograron encontrar una batea del cami\u00f3n perteneciente a la familia Caputo. El registro de c\u00e1maras mas la ayuda de los mismos due\u00f1os que cooperaron en la investigaci\u00f3n pudieron dar con la batea de este cami\u00f3n en la ciudad de C\u00f3rdoba Capital. Seg\u00fan hab\u00eda informado Melgar en un [&hellip;]<\/p>\n","protected":false},"author":4,"featured_media":114265,"comment_status":"closed","ping_status":"closed","sticky":false,"template":"","format":"standard","meta":{"om_disable_all_campaigns":false,"_jetpack_memberships_contains_paid_content":false,"footnotes":""},"categories":[50,2,103],"tags":[3340,197,3339,33,95,19],"class_list":["post-114264","post","type-post","status-publish","format-standard","has-post-thumbnail","hentry","category-destacadas","category-locales","category-policiales-locales","tag-batea","tag-buenos-aires","tag-camiones","tag-locales","tag-policiales","tag-san-pedro"],"aioseo_notices":[],"gutentor_comment":0,"jetpack_featured_media_url":"https:\/\/eldiariodesanpedro.com.ar\/sitio\/wp-content\/uploads\/2023\/01\/WhatsApp-Image-2023-01-18-at-22.52.07-rotated.jpeg","jetpack_shortlink":"https:\/\/wp.me\/p6RhLt-tIY","jetpack_sharing_enabled":true,"_links":{"self":[{"href":"https:\/\/eldiariodesanpedro.com.ar\/sitio\/wp-json\/wp\/v2\/posts\/114264","targetHints":{"allow":["GET"]}}],"collection":[{"href":"https:\/\/eldiariodesanpedro.com.ar\/sitio\/wp-json\/wp\/v2\/posts"}],"about":[{"href":"https:\/\/eldiariodesanpedro.com.ar\/sitio\/wp-json\/wp\/v2\/types\/post"}],"author":[{"embeddable":true,"href":"https:\/\/eldiariodesanpedro.com.ar\/sitio\/wp-json\/wp\/v2\/users\/4"}],"replies":[{"embeddable":true,"href":"https:\/\/eldiariodesanpedro.com.ar\/sitio\/wp-json\/wp\/v2\/comments?post=114264"}],"version-history":[{"count":2,"href":"https:\/\/eldiariodesanpedro.com.ar\/sitio\/wp-json\/wp\/v2\/posts\/114264\/revisions"}],"predecessor-version":[{"id":114267,"href":"https:\/\/eldiariodesanpedro.com.ar\/sitio\/wp-json\/wp\/v2\/posts\/114264\/revisions\/114267"}],"wp:featuredmedia":[{"embeddable":true,"href":"https:\/\/eldiariodesanpedro.com.ar\/sitio\/wp-json\/wp\/v2\/media\/114265"}],"wp:attachment":[{"href":"https:\/\/eldiariodesanpedro.com.ar\/sitio\/wp-json\/wp\/v2\/media?parent=114264"}],"wp:term":[{"taxonomy":"category","embeddable":true,"href":"https:\/\/eldiariodesanpedro.com.ar\/sitio\/wp-json\/wp\/v2\/categories?post=114264"},{"taxonomy":"post_tag","embeddable":true,"href":"https:\/\/eldiariodesanpedro.com.ar\/sitio\/wp-json\/wp\/v2\/tags?post=114264"}],"curies":[{"name":"wp","href":"https:\/\/api.w.org\/{rel}","templated":true}]}}