{"id":114261,"date":"2023-01-18T13:51:49","date_gmt":"2023-01-18T16:51:49","guid":{"rendered":"https:\/\/eldiariodesanpedro.com.ar\/sitio\/?p=114261"},"modified":"2023-01-18T13:51:50","modified_gmt":"2023-01-18T16:51:50","slug":"ciclo-de-cine-bajo-las-estrellas-el-robo-del-siglo-hoy-en-plaza-belgrano","status":"publish","type":"post","link":"https:\/\/eldiariodesanpedro.com.ar\/sitio\/ciclo-de-cine-bajo-las-estrellas-el-robo-del-siglo-hoy-en-plaza-belgrano\/","title":{"rendered":"Ciclo de cine bajo las estrellas \u00abEl robo del Siglo\u00bb hoy en Plaza Belgrano"},"content":{"rendered":"<!-- VideographyWP Plugin Message: Automatic video embedding prevented by plugin options. -->\n\n<p>En la continuidad de la ya cl\u00e1sica actividad de verano en San Pedro, este mi\u00e9rcoles 18 se proyectar\u00e1 la pel\u00edcula \u00abEl robo del Siglo\u00bb, desde las 20.30, en Plaza Belgrano.<\/p>\n\n\n\n<p>Con organizaci\u00f3n de la Secretar\u00eda de Turismo y Cultura que encabeza Marcela Cu\u00f1er, este mi\u00e9rcoles 18 se dar\u00e1 continuidad a la edici\u00f3n 2023 del Ciclo de Cine Bajo las Estrellas.\u00a0<\/p>\n\n\n\n<p>Desde las 20.30, en Plaza Belgrano se proyectar\u00e1 la pel\u00edcula \u201cEl Robo del Siglo\u201d, con entrada libre y gratuita.<\/p>\n\n\n\n<p>La pel\u00edcula hace referencia a uno de los atracos m\u00e1s famosos de la historia argentina al robar una sucursal del Banco R\u00edo de Acassuso, en el a\u00f1o 2006. Los delincuentes tomaron 23 rehenes y se llevaron aproximadamente 19 millones de d\u00f3lares de 147 cajas de seguridad.<\/p>\n\n\n\n<p>Est\u00e1 protagonizada por Diego Peretti, Guillermo Francella, Pablo Rago y Luis Luque, entre otros. \u200b<\/p>\n","protected":false},"excerpt":{"rendered":"<p>En la continuidad de la ya cl\u00e1sica actividad de verano en San Pedro, este mi\u00e9rcoles 18 se proyectar\u00e1 la pel\u00edcula \u00abEl robo del Siglo\u00bb, desde las 20.30, en Plaza Belgrano. Con organizaci\u00f3n de la Secretar\u00eda de Turismo y Cultura que encabeza Marcela Cu\u00f1er, este mi\u00e9rcoles 18 se dar\u00e1 continuidad a la edici\u00f3n 2023 del Ciclo [&hellip;]<\/p>\n","protected":false},"author":4,"featured_media":114262,"comment_status":"closed","ping_status":"closed","sticky":false,"template":"","format":"standard","meta":{"om_disable_all_campaigns":false,"_jetpack_memberships_contains_paid_content":false,"footnotes":""},"categories":[101,2],"tags":[],"class_list":["post-114261","post","type-post","status-publish","format-standard","has-post-thumbnail","hentry","category-interes-general-locales","category-locales"],"aioseo_notices":[],"gutentor_comment":0,"jetpack_featured_media_url":"https:\/\/eldiariodesanpedro.com.ar\/sitio\/wp-content\/uploads\/2023\/01\/robodelsiglo.jpg","jetpack_shortlink":"https:\/\/wp.me\/p6RhLt-tIV","jetpack_sharing_enabled":true,"_links":{"self":[{"href":"https:\/\/eldiariodesanpedro.com.ar\/sitio\/wp-json\/wp\/v2\/posts\/114261","targetHints":{"allow":["GET"]}}],"collection":[{"href":"https:\/\/eldiariodesanpedro.com.ar\/sitio\/wp-json\/wp\/v2\/posts"}],"about":[{"href":"https:\/\/eldiariodesanpedro.com.ar\/sitio\/wp-json\/wp\/v2\/types\/post"}],"author":[{"embeddable":true,"href":"https:\/\/eldiariodesanpedro.com.ar\/sitio\/wp-json\/wp\/v2\/users\/4"}],"replies":[{"embeddable":true,"href":"https:\/\/eldiariodesanpedro.com.ar\/sitio\/wp-json\/wp\/v2\/comments?post=114261"}],"version-history":[{"count":1,"href":"https:\/\/eldiariodesanpedro.com.ar\/sitio\/wp-json\/wp\/v2\/posts\/114261\/revisions"}],"predecessor-version":[{"id":114263,"href":"https:\/\/eldiariodesanpedro.com.ar\/sitio\/wp-json\/wp\/v2\/posts\/114261\/revisions\/114263"}],"wp:featuredmedia":[{"embeddable":true,"href":"https:\/\/eldiariodesanpedro.com.ar\/sitio\/wp-json\/wp\/v2\/media\/114262"}],"wp:attachment":[{"href":"https:\/\/eldiariodesanpedro.com.ar\/sitio\/wp-json\/wp\/v2\/media?parent=114261"}],"wp:term":[{"taxonomy":"category","embeddable":true,"href":"https:\/\/eldiariodesanpedro.com.ar\/sitio\/wp-json\/wp\/v2\/categories?post=114261"},{"taxonomy":"post_tag","embeddable":true,"href":"https:\/\/eldiariodesanpedro.com.ar\/sitio\/wp-json\/wp\/v2\/tags?post=114261"}],"curies":[{"name":"wp","href":"https:\/\/api.w.org\/{rel}","templated":true}]}}