{"id":114258,"date":"2023-01-18T13:31:53","date_gmt":"2023-01-18T16:31:53","guid":{"rendered":"https:\/\/eldiariodesanpedro.com.ar\/sitio\/?p=114258"},"modified":"2023-01-18T13:31:54","modified_gmt":"2023-01-18T16:31:54","slug":"una-mujer-dominicana-fue-detenida-por-policia-federal-por-una-causa-de-trata-de-persona","status":"publish","type":"post","link":"https:\/\/eldiariodesanpedro.com.ar\/sitio\/una-mujer-dominicana-fue-detenida-por-policia-federal-por-una-causa-de-trata-de-persona\/","title":{"rendered":"Una mujer dominicana fue detenida por polic\u00eda federal por una causa de trata de persona"},"content":{"rendered":"<!-- VideographyWP Plugin Message: Automatic video embedding prevented by plugin options. -->\n\n<p>Personal de investigaciones de la Divisi\u00f3n Unidad Operativa San Nicol\u00e1s de Polic\u00eda Federal, detuvo en la ma\u00f1ana del mi\u00e9rcoles a una mujer oriunda de Republica Dominicana, de 52 a\u00f1os, buscada por el Juzgado Federal de Rafaela.&nbsp;<\/p>\n\n\n\n<p>La mujer est\u00e1 imputada por la presunta comisi\u00f3n del delito de trata de personas con fines de explotaci\u00f3n sexual, agravado por haber mediado abuso de la situaci\u00f3n de la vulnerabilidad de las victimas.\u00a0<\/p>\n\n\n\n<p>Polic\u00eda Federal realiz\u00f3 tareas investigativas con el fin de dar con la imputada, se\u00f1alada como recaudadora de una gran red de trata de personas en la provincia de Santa Fe.&nbsp;<\/p>\n\n\n\n<p>La mujer estaba pr\u00f3fuga desde hace 4 a\u00f1os, con un pedido de b\u00fasqueda nacional e internacional a la que siendo intensamente buscada a nivel nacional e internacional, por diferentes fuerzas de seguridad Federales y Provinciales.<\/p>\n\n\n\n<p>La detenci\u00f3n se produjo en inmediaciones de Balcarce al 700 de la ciudad de San Nicolas de los Arroyos. La imputada fue trasladada a la D.U.O.F. San Nicol\u00e1s de la Polic\u00eda Federal Argentina, quedando a disposici\u00f3n de Juzgado Federal de Rafaela a cargo del Dr. Marcelo Bailaque, quien en las pr\u00f3ximas horas le tomar\u00e1 declaraci\u00f3n indagatoria.<\/p>\n\n\n\n<p>fuente: Noticias San Pedro<\/p>\n","protected":false},"excerpt":{"rendered":"<p>Personal de investigaciones de la Divisi\u00f3n Unidad Operativa San Nicol\u00e1s de Polic\u00eda Federal, detuvo en la ma\u00f1ana del mi\u00e9rcoles a una mujer oriunda de Republica Dominicana, de 52 a\u00f1os, buscada por el Juzgado Federal de Rafaela.&nbsp; La mujer est\u00e1 imputada por la presunta comisi\u00f3n del delito de trata de personas con fines de explotaci\u00f3n sexual, [&hellip;]<\/p>\n","protected":false},"author":4,"featured_media":114259,"comment_status":"closed","ping_status":"closed","sticky":false,"template":"","format":"standard","meta":{"om_disable_all_campaigns":false,"_jetpack_memberships_contains_paid_content":false,"footnotes":""},"categories":[50,2,103],"tags":[197,696,33,95,19],"class_list":["post-114258","post","type-post","status-publish","format-standard","has-post-thumbnail","hentry","category-destacadas","category-locales","category-policiales-locales","tag-buenos-aires","tag-interes-general","tag-locales","tag-policiales","tag-san-pedro"],"aioseo_notices":[],"gutentor_comment":0,"jetpack_featured_media_url":"https:\/\/eldiariodesanpedro.com.ar\/sitio\/wp-content\/uploads\/2023\/01\/WhatsApp-Image-2023-01-18-at-11.52.09.jpeg","jetpack_shortlink":"https:\/\/wp.me\/p6RhLt-tIS","jetpack_sharing_enabled":true,"_links":{"self":[{"href":"https:\/\/eldiariodesanpedro.com.ar\/sitio\/wp-json\/wp\/v2\/posts\/114258","targetHints":{"allow":["GET"]}}],"collection":[{"href":"https:\/\/eldiariodesanpedro.com.ar\/sitio\/wp-json\/wp\/v2\/posts"}],"about":[{"href":"https:\/\/eldiariodesanpedro.com.ar\/sitio\/wp-json\/wp\/v2\/types\/post"}],"author":[{"embeddable":true,"href":"https:\/\/eldiariodesanpedro.com.ar\/sitio\/wp-json\/wp\/v2\/users\/4"}],"replies":[{"embeddable":true,"href":"https:\/\/eldiariodesanpedro.com.ar\/sitio\/wp-json\/wp\/v2\/comments?post=114258"}],"version-history":[{"count":1,"href":"https:\/\/eldiariodesanpedro.com.ar\/sitio\/wp-json\/wp\/v2\/posts\/114258\/revisions"}],"predecessor-version":[{"id":114260,"href":"https:\/\/eldiariodesanpedro.com.ar\/sitio\/wp-json\/wp\/v2\/posts\/114258\/revisions\/114260"}],"wp:featuredmedia":[{"embeddable":true,"href":"https:\/\/eldiariodesanpedro.com.ar\/sitio\/wp-json\/wp\/v2\/media\/114259"}],"wp:attachment":[{"href":"https:\/\/eldiariodesanpedro.com.ar\/sitio\/wp-json\/wp\/v2\/media?parent=114258"}],"wp:term":[{"taxonomy":"category","embeddable":true,"href":"https:\/\/eldiariodesanpedro.com.ar\/sitio\/wp-json\/wp\/v2\/categories?post=114258"},{"taxonomy":"post_tag","embeddable":true,"href":"https:\/\/eldiariodesanpedro.com.ar\/sitio\/wp-json\/wp\/v2\/tags?post=114258"}],"curies":[{"name":"wp","href":"https:\/\/api.w.org\/{rel}","templated":true}]}}