{"id":114255,"date":"2023-01-18T12:52:27","date_gmt":"2023-01-18T15:52:27","guid":{"rendered":"https:\/\/eldiariodesanpedro.com.ar\/sitio\/?p=114255"},"modified":"2023-01-18T12:52:29","modified_gmt":"2023-01-18T15:52:29","slug":"santa-misa-en-homenaje-a-fray-cayetano-jose-rodriguez-el-proximo-sabado","status":"publish","type":"post","link":"https:\/\/eldiariodesanpedro.com.ar\/sitio\/santa-misa-en-homenaje-a-fray-cayetano-jose-rodriguez-el-proximo-sabado\/","title":{"rendered":"Santa Misa en homenaje a Fray Cayetano Jose Rodriguez el pr\u00f3ximo s\u00e1bado"},"content":{"rendered":"<!-- VideographyWP Plugin Message: Automatic video embedding prevented by plugin options. -->\n\n<p>San Pedro es escenario de hechos hist\u00f3ricos, es tierra f\u00e9rtil, para\u00edso del verde. Es tributo a la belleza natural y refugio para el descanso. Es tambi\u00e9n cuna de un pr\u00f3cer.<\/p>\n\n\n\n<p>A doscientos a\u00f1os del fallecimiento de su hijo ilustr\u00edsimo, fray Cayetano Jos\u00e9 Rodr\u00edguez, la Asociaci\u00f3n de Amigos del Centro de Estudios Hist\u00f3ricos y la Parroquia Nuestra Se\u00f1ora del Socorro, con la adhesi\u00f3n de la Secretar\u00eda de Turismo y Cultura de San Pedro, invitan a rendirle homenaje en una SANTA MISA en su honor.<\/p>\n\n\n\n<p>La celebraci\u00f3n religiosa tendr\u00e1 lugar el d\u00eda S\u00c1BADO 21 DE ENERO a las 20 H en el templo parroquial y ser\u00e1 un placer contar con la presencia de todos ustedes.<\/p>\n\n\n\n<p>\u201cJam\u00e1s la patria podr\u00e1 olvidar su memoria<br>pues es la de un hijo en quien se reun\u00edan<br>los mejores talentos a una vida<br>llena de probidad\u201d<br>(Argos del s\u00e1bado 23 de enero de 1823)<\/p>\n","protected":false},"excerpt":{"rendered":"<p>San Pedro es escenario de hechos hist\u00f3ricos, es tierra f\u00e9rtil, para\u00edso del verde. Es tributo a la belleza natural y refugio para el descanso. Es tambi\u00e9n cuna de un pr\u00f3cer. A doscientos a\u00f1os del fallecimiento de su hijo ilustr\u00edsimo, fray Cayetano Jos\u00e9 Rodr\u00edguez, la Asociaci\u00f3n de Amigos del Centro de Estudios Hist\u00f3ricos y la Parroquia [&hellip;]<\/p>\n","protected":false},"author":4,"featured_media":114256,"comment_status":"closed","ping_status":"closed","sticky":false,"template":"","format":"standard","meta":{"om_disable_all_campaigns":false,"_jetpack_memberships_contains_paid_content":false,"footnotes":""},"categories":[101,2],"tags":[197,3338,33,19],"class_list":["post-114255","post","type-post","status-publish","format-standard","has-post-thumbnail","hentry","category-interes-general-locales","category-locales","tag-buenos-aires","tag-fray-cayetano-rodriguez","tag-locales","tag-san-pedro"],"aioseo_notices":[],"gutentor_comment":0,"jetpack_featured_media_url":"https:\/\/eldiariodesanpedro.com.ar\/sitio\/wp-content\/uploads\/2023\/01\/medida-2-18.jpg","jetpack_shortlink":"https:\/\/wp.me\/p6RhLt-tIP","jetpack_sharing_enabled":true,"_links":{"self":[{"href":"https:\/\/eldiariodesanpedro.com.ar\/sitio\/wp-json\/wp\/v2\/posts\/114255","targetHints":{"allow":["GET"]}}],"collection":[{"href":"https:\/\/eldiariodesanpedro.com.ar\/sitio\/wp-json\/wp\/v2\/posts"}],"about":[{"href":"https:\/\/eldiariodesanpedro.com.ar\/sitio\/wp-json\/wp\/v2\/types\/post"}],"author":[{"embeddable":true,"href":"https:\/\/eldiariodesanpedro.com.ar\/sitio\/wp-json\/wp\/v2\/users\/4"}],"replies":[{"embeddable":true,"href":"https:\/\/eldiariodesanpedro.com.ar\/sitio\/wp-json\/wp\/v2\/comments?post=114255"}],"version-history":[{"count":1,"href":"https:\/\/eldiariodesanpedro.com.ar\/sitio\/wp-json\/wp\/v2\/posts\/114255\/revisions"}],"predecessor-version":[{"id":114257,"href":"https:\/\/eldiariodesanpedro.com.ar\/sitio\/wp-json\/wp\/v2\/posts\/114255\/revisions\/114257"}],"wp:featuredmedia":[{"embeddable":true,"href":"https:\/\/eldiariodesanpedro.com.ar\/sitio\/wp-json\/wp\/v2\/media\/114256"}],"wp:attachment":[{"href":"https:\/\/eldiariodesanpedro.com.ar\/sitio\/wp-json\/wp\/v2\/media?parent=114255"}],"wp:term":[{"taxonomy":"category","embeddable":true,"href":"https:\/\/eldiariodesanpedro.com.ar\/sitio\/wp-json\/wp\/v2\/categories?post=114255"},{"taxonomy":"post_tag","embeddable":true,"href":"https:\/\/eldiariodesanpedro.com.ar\/sitio\/wp-json\/wp\/v2\/tags?post=114255"}],"curies":[{"name":"wp","href":"https:\/\/api.w.org\/{rel}","templated":true}]}}