{"id":114251,"date":"2023-01-18T12:43:20","date_gmt":"2023-01-18T15:43:20","guid":{"rendered":"https:\/\/eldiariodesanpedro.com.ar\/sitio\/?p=114251"},"modified":"2026-01-24T00:55:26","modified_gmt":"2026-01-24T03:55:26","slug":"fallecio-moreyra-clara-de-77-anos-de-edad","status":"publish","type":"post","link":"https:\/\/eldiariodesanpedro.com.ar\/sitio\/fallecio-moreyra-clara-de-77-anos-de-edad\/","title":{"rendered":"Falleci\u00f3 Moreyra Clara de 77 a\u00f1os de edad"},"content":{"rendered":"<!-- VideographyWP Plugin Message: Automatic video embedding prevented by plugin options. -->\n\n<p>Se informa el fallecimiento de Moreyra Clara de 77 a\u00f1os de edad, el sepelio se realiz\u00f3 este mi\u00e9rcoles en la casa velatorio Coopser en sala N\u00ba 4.<\/p>\n\n\n\n<p>El sepelio se llev\u00f3 a cabo desde las 9 hs de hoy 13 de Enero de 2023 y posteriormente sus restos fueron inhumados en el Cementerio Campana de Paz.<\/p>\n","protected":false},"excerpt":{"rendered":"<p>Se informa el fallecimiento de Moreyra Clara de 77 a\u00f1os de edad, el sepelio se realiz\u00f3 este mi\u00e9rcoles en la casa velatorio Coopser en sala N\u00ba 4. El sepelio se llev\u00f3 a cabo desde las 9 hs de hoy 13 de Enero de 2023 y posteriormente sus restos fueron inhumados en el Cementerio Campana de [&hellip;]<\/p>\n","protected":false},"author":4,"featured_media":113757,"comment_status":"closed","ping_status":"closed","sticky":false,"template":"","format":"standard","meta":{"om_disable_all_campaigns":false,"_jetpack_memberships_contains_paid_content":false,"footnotes":""},"categories":[8424],"tags":[197,3336,33,19],"class_list":["post-114251","post","type-post","status-publish","format-standard","has-post-thumbnail","hentry","category-necrologicas","tag-buenos-aires","tag-fallecio-moreyra-clara-de-77-anos-de-edad","tag-locales","tag-san-pedro"],"aioseo_notices":[],"gutentor_comment":0,"jetpack_featured_media_url":"https:\/\/eldiariodesanpedro.com.ar\/sitio\/wp-content\/uploads\/2023\/01\/necrologicas.jpg","jetpack_shortlink":"https:\/\/wp.me\/p6RhLt-tIL","jetpack_sharing_enabled":true,"_links":{"self":[{"href":"https:\/\/eldiariodesanpedro.com.ar\/sitio\/wp-json\/wp\/v2\/posts\/114251","targetHints":{"allow":["GET"]}}],"collection":[{"href":"https:\/\/eldiariodesanpedro.com.ar\/sitio\/wp-json\/wp\/v2\/posts"}],"about":[{"href":"https:\/\/eldiariodesanpedro.com.ar\/sitio\/wp-json\/wp\/v2\/types\/post"}],"author":[{"embeddable":true,"href":"https:\/\/eldiariodesanpedro.com.ar\/sitio\/wp-json\/wp\/v2\/users\/4"}],"replies":[{"embeddable":true,"href":"https:\/\/eldiariodesanpedro.com.ar\/sitio\/wp-json\/wp\/v2\/comments?post=114251"}],"version-history":[{"count":1,"href":"https:\/\/eldiariodesanpedro.com.ar\/sitio\/wp-json\/wp\/v2\/posts\/114251\/revisions"}],"predecessor-version":[{"id":114252,"href":"https:\/\/eldiariodesanpedro.com.ar\/sitio\/wp-json\/wp\/v2\/posts\/114251\/revisions\/114252"}],"wp:featuredmedia":[{"embeddable":true,"href":"https:\/\/eldiariodesanpedro.com.ar\/sitio\/wp-json\/wp\/v2\/media\/113757"}],"wp:attachment":[{"href":"https:\/\/eldiariodesanpedro.com.ar\/sitio\/wp-json\/wp\/v2\/media?parent=114251"}],"wp:term":[{"taxonomy":"category","embeddable":true,"href":"https:\/\/eldiariodesanpedro.com.ar\/sitio\/wp-json\/wp\/v2\/categories?post=114251"},{"taxonomy":"post_tag","embeddable":true,"href":"https:\/\/eldiariodesanpedro.com.ar\/sitio\/wp-json\/wp\/v2\/tags?post=114251"}],"curies":[{"name":"wp","href":"https:\/\/api.w.org\/{rel}","templated":true}]}}