{"id":114249,"date":"2023-01-18T12:26:36","date_gmt":"2023-01-18T15:26:36","guid":{"rendered":"https:\/\/eldiariodesanpedro.com.ar\/sitio\/?p=114249"},"modified":"2023-01-18T12:26:39","modified_gmt":"2023-01-18T15:26:39","slug":"una-gran-gresca-que-involucra-alrededor-de-40-personas-entre-dos-familias-que-dejo-como-resultados-varios-heridos","status":"publish","type":"post","link":"https:\/\/eldiariodesanpedro.com.ar\/sitio\/una-gran-gresca-que-involucra-alrededor-de-40-personas-entre-dos-familias-que-dejo-como-resultados-varios-heridos\/","title":{"rendered":"Una gran gresca que involucra alrededor de 40 personas entre dos familias que dejo como resultados varios heridos"},"content":{"rendered":"<!-- VideographyWP Plugin Message: Automatic video embedding prevented by plugin options. -->\n\n<p>En el d\u00eda de ayer se decepciona denuncia por amenazas y varias declaraciones al respecto por conflicto de larga data entre dos familias, las cuales motivo que en horas de la noche motiv\u00f3 el desplazamiento de los efectivos policiales promediando las 21:30 horas el personal es alertado por el servicio de 911 emergencias \u00a0sobre\u00a0 conflicto vecinal calle Mateo Sbert al 2100 aproximadamente, donde se hallaba confluencia de aproximadamente 40 personas en estado de alteraci\u00f3n que previamente hab\u00edan confrontado entre si entre dos familias por problemas de larga data, constat\u00e1ndose lesionados en la reyerta a dos personas de 19 y 34 a\u00f1os, siendo trasladados para\u00a0 asistencia m\u00e9dica en nosocomio local constat\u00e1ndose lesiones car\u00e1cter leves.<\/p>\n","protected":false},"excerpt":{"rendered":"<p>En el d\u00eda de ayer se decepciona denuncia por amenazas y varias declaraciones al respecto por conflicto de larga data entre dos familias, las cuales motivo que en horas de la noche motiv\u00f3 el desplazamiento de los efectivos policiales promediando las 21:30 horas el personal es alertado por el servicio de 911 emergencias \u00a0sobre\u00a0 conflicto [&hellip;]<\/p>\n","protected":false},"author":4,"featured_media":103679,"comment_status":"closed","ping_status":"closed","sticky":false,"template":"","format":"standard","meta":{"om_disable_all_campaigns":false,"_jetpack_memberships_contains_paid_content":false,"footnotes":""},"categories":[50,2,103],"tags":[197,33,95,19],"class_list":["post-114249","post","type-post","status-publish","format-standard","has-post-thumbnail","hentry","category-destacadas","category-locales","category-policiales-locales","tag-buenos-aires","tag-locales","tag-policiales","tag-san-pedro"],"aioseo_notices":[],"gutentor_comment":0,"jetpack_featured_media_url":"https:\/\/eldiariodesanpedro.com.ar\/sitio\/wp-content\/uploads\/2022\/02\/comisaria_san_pedro.jpg","jetpack_shortlink":"https:\/\/wp.me\/p6RhLt-tIJ","jetpack_sharing_enabled":true,"_links":{"self":[{"href":"https:\/\/eldiariodesanpedro.com.ar\/sitio\/wp-json\/wp\/v2\/posts\/114249","targetHints":{"allow":["GET"]}}],"collection":[{"href":"https:\/\/eldiariodesanpedro.com.ar\/sitio\/wp-json\/wp\/v2\/posts"}],"about":[{"href":"https:\/\/eldiariodesanpedro.com.ar\/sitio\/wp-json\/wp\/v2\/types\/post"}],"author":[{"embeddable":true,"href":"https:\/\/eldiariodesanpedro.com.ar\/sitio\/wp-json\/wp\/v2\/users\/4"}],"replies":[{"embeddable":true,"href":"https:\/\/eldiariodesanpedro.com.ar\/sitio\/wp-json\/wp\/v2\/comments?post=114249"}],"version-history":[{"count":1,"href":"https:\/\/eldiariodesanpedro.com.ar\/sitio\/wp-json\/wp\/v2\/posts\/114249\/revisions"}],"predecessor-version":[{"id":114250,"href":"https:\/\/eldiariodesanpedro.com.ar\/sitio\/wp-json\/wp\/v2\/posts\/114249\/revisions\/114250"}],"wp:featuredmedia":[{"embeddable":true,"href":"https:\/\/eldiariodesanpedro.com.ar\/sitio\/wp-json\/wp\/v2\/media\/103679"}],"wp:attachment":[{"href":"https:\/\/eldiariodesanpedro.com.ar\/sitio\/wp-json\/wp\/v2\/media?parent=114249"}],"wp:term":[{"taxonomy":"category","embeddable":true,"href":"https:\/\/eldiariodesanpedro.com.ar\/sitio\/wp-json\/wp\/v2\/categories?post=114249"},{"taxonomy":"post_tag","embeddable":true,"href":"https:\/\/eldiariodesanpedro.com.ar\/sitio\/wp-json\/wp\/v2\/tags?post=114249"}],"curies":[{"name":"wp","href":"https:\/\/api.w.org\/{rel}","templated":true}]}}