{"id":114246,"date":"2023-01-18T12:12:04","date_gmt":"2023-01-18T15:12:04","guid":{"rendered":"https:\/\/eldiariodesanpedro.com.ar\/sitio\/?p=114246"},"modified":"2023-01-18T12:12:06","modified_gmt":"2023-01-18T15:12:06","slug":"un-joven-de-16-anos-herido-al-impactar-en-una-motocicleta-contra-un-automovil","status":"publish","type":"post","link":"https:\/\/eldiariodesanpedro.com.ar\/sitio\/un-joven-de-16-anos-herido-al-impactar-en-una-motocicleta-contra-un-automovil\/","title":{"rendered":"Un joven de 16 a\u00f1os herido al impactar en una motocicleta contra un autom\u00f3vil"},"content":{"rendered":"<!-- VideographyWP Plugin Message: Automatic video embedding prevented by plugin options. -->\n\n<p>En la jornada de ayer promediando las 19 hs a ra\u00edz de un llamado al servicio de 911 emergencias, personal policial \u00a0acude a calle 11 de Septiembre y Lavalle cuesti\u00f3n tratase establecer colisiona una autom\u00f3vil Ford Fiesta conducido por un ciudadano de 73 a\u00f1os, con motocicleta Honda XR 190cc guiada por ciudadano de 16 a\u00f1os. Resultando que este \u00faltimo sea trasladado hacia \u00a0nosocomio local en auto particular, lesiones de car\u00e1cter leves.<\/p>\n","protected":false},"excerpt":{"rendered":"<p>En la jornada de ayer promediando las 19 hs a ra\u00edz de un llamado al servicio de 911 emergencias, personal policial \u00a0acude a calle 11 de Septiembre y Lavalle cuesti\u00f3n tratase establecer colisiona una autom\u00f3vil Ford Fiesta conducido por un ciudadano de 73 a\u00f1os, con motocicleta Honda XR 190cc guiada por ciudadano de 16 a\u00f1os. [&hellip;]<\/p>\n","protected":false},"author":4,"featured_media":114247,"comment_status":"closed","ping_status":"closed","sticky":false,"template":"","format":"standard","meta":{"om_disable_all_campaigns":false,"_jetpack_memberships_contains_paid_content":false,"footnotes":""},"categories":[2,103],"tags":[197,33,95,19],"class_list":["post-114246","post","type-post","status-publish","format-standard","has-post-thumbnail","hentry","category-locales","category-policiales-locales","tag-buenos-aires","tag-locales","tag-policiales","tag-san-pedro"],"aioseo_notices":[],"gutentor_comment":0,"jetpack_featured_media_url":"https:\/\/eldiariodesanpedro.com.ar\/sitio\/wp-content\/uploads\/2023\/01\/1-5.jpg","jetpack_shortlink":"https:\/\/wp.me\/p6RhLt-tIG","jetpack_sharing_enabled":true,"_links":{"self":[{"href":"https:\/\/eldiariodesanpedro.com.ar\/sitio\/wp-json\/wp\/v2\/posts\/114246","targetHints":{"allow":["GET"]}}],"collection":[{"href":"https:\/\/eldiariodesanpedro.com.ar\/sitio\/wp-json\/wp\/v2\/posts"}],"about":[{"href":"https:\/\/eldiariodesanpedro.com.ar\/sitio\/wp-json\/wp\/v2\/types\/post"}],"author":[{"embeddable":true,"href":"https:\/\/eldiariodesanpedro.com.ar\/sitio\/wp-json\/wp\/v2\/users\/4"}],"replies":[{"embeddable":true,"href":"https:\/\/eldiariodesanpedro.com.ar\/sitio\/wp-json\/wp\/v2\/comments?post=114246"}],"version-history":[{"count":1,"href":"https:\/\/eldiariodesanpedro.com.ar\/sitio\/wp-json\/wp\/v2\/posts\/114246\/revisions"}],"predecessor-version":[{"id":114248,"href":"https:\/\/eldiariodesanpedro.com.ar\/sitio\/wp-json\/wp\/v2\/posts\/114246\/revisions\/114248"}],"wp:featuredmedia":[{"embeddable":true,"href":"https:\/\/eldiariodesanpedro.com.ar\/sitio\/wp-json\/wp\/v2\/media\/114247"}],"wp:attachment":[{"href":"https:\/\/eldiariodesanpedro.com.ar\/sitio\/wp-json\/wp\/v2\/media?parent=114246"}],"wp:term":[{"taxonomy":"category","embeddable":true,"href":"https:\/\/eldiariodesanpedro.com.ar\/sitio\/wp-json\/wp\/v2\/categories?post=114246"},{"taxonomy":"post_tag","embeddable":true,"href":"https:\/\/eldiariodesanpedro.com.ar\/sitio\/wp-json\/wp\/v2\/tags?post=114246"}],"curies":[{"name":"wp","href":"https:\/\/api.w.org\/{rel}","templated":true}]}}