{"id":114241,"date":"2023-01-18T12:01:49","date_gmt":"2023-01-18T15:01:49","guid":{"rendered":"https:\/\/eldiariodesanpedro.com.ar\/sitio\/?p=114241"},"modified":"2023-01-18T12:01:51","modified_gmt":"2023-01-18T15:01:51","slug":"un-automovil-impacto-de-atras-a-otro-en-ruta-9-y-termina-volcando-en-uno-de-ellos-viajaban-una-nena-de-6-anos","status":"publish","type":"post","link":"https:\/\/eldiariodesanpedro.com.ar\/sitio\/un-automovil-impacto-de-atras-a-otro-en-ruta-9-y-termina-volcando-en-uno-de-ellos-viajaban-una-nena-de-6-anos\/","title":{"rendered":"Un autom\u00f3vil impacto de atr\u00e1s a otro en ruta 9 y termina volcando, en uno de ellos viajaban una nena de 6 a\u00f1os"},"content":{"rendered":"<!-- VideographyWP Plugin Message: Automatic video embedding prevented by plugin options. -->\n\n<p>En las primeras horas de la ma\u00f1ana ocurri\u00f3 un accidente sobre la ruta 9 donde afortunadamente no hubo que lamentar personas heridas.<\/p>\n\n\n\n<p>El siniestro tuvo lugar en ruta nacional 9 a pocos metros de la ruta 191, donde un autom\u00f3vil Renault Cl\u00edo en el que circulaban un ciudadano de 66 a\u00f1os acompa\u00f1ada de su esposa de 58 a\u00f1os impactada y su nieta de 6 a\u00f1os de edad todos oriundos de San Nicolas impactan por alcance cuando una camioneta Amarok conducido por un ciudadano de San Pedro ingresaba a la autopista desde ruta 191.<\/p>\n\n\n\n<p>Afortunadamente no hubo que lamentar lesiones a pesar de que el Cl\u00edo al perder el control atraviesa el cantero central volcando y terminando sobre sus dos ruedas sobre el otro carril. <\/p>\n\n\n\n<figure class=\"wp-block-image size-large\"><img decoding=\"async\" width=\"1024\" height=\"576\" data-attachment-id=\"114243\" data-permalink=\"https:\/\/eldiariodesanpedro.com.ar\/sitio\/un-automovil-impacto-de-atras-a-otro-en-ruta-9-y-termina-volcando-en-uno-de-ellos-viajaban-una-nena-de-6-anos\/whatsapp-image-2023-01-18-at-10-14-35-2\/\" data-orig-file=\"https:\/\/eldiariodesanpedro.com.ar\/sitio\/wp-content\/uploads\/2023\/01\/WhatsApp-Image-2023-01-18-at-10.14.35-2.jpeg\" data-orig-size=\"1120,630\" data-comments-opened=\"0\" data-image-meta=\"{&quot;aperture&quot;:&quot;0&quot;,&quot;credit&quot;:&quot;&quot;,&quot;camera&quot;:&quot;&quot;,&quot;caption&quot;:&quot;&quot;,&quot;created_timestamp&quot;:&quot;0&quot;,&quot;copyright&quot;:&quot;&quot;,&quot;focal_length&quot;:&quot;0&quot;,&quot;iso&quot;:&quot;0&quot;,&quot;shutter_speed&quot;:&quot;0&quot;,&quot;title&quot;:&quot;&quot;,&quot;orientation&quot;:&quot;0&quot;}\" data-image-title=\"WhatsApp Image 2023-01-18 at 10.14.35 (2)\" data-image-description=\"\" data-image-caption=\"\" data-large-file=\"https:\/\/eldiariodesanpedro.com.ar\/sitio\/wp-content\/uploads\/2023\/01\/WhatsApp-Image-2023-01-18-at-10.14.35-2-1024x576.jpeg\" data-src=\"https:\/\/eldiariodesanpedro.com.ar\/sitio\/wp-content\/uploads\/2023\/01\/WhatsApp-Image-2023-01-18-at-10.14.35-2-1024x576.jpeg\" alt=\"\" class=\"wp-image-114243 lazyload\" data-srcset=\"https:\/\/eldiariodesanpedro.com.ar\/sitio\/wp-content\/uploads\/2023\/01\/WhatsApp-Image-2023-01-18-at-10.14.35-2-1024x576.jpeg 1024w, https:\/\/eldiariodesanpedro.com.ar\/sitio\/wp-content\/uploads\/2023\/01\/WhatsApp-Image-2023-01-18-at-10.14.35-2-300x169.jpeg 300w, https:\/\/eldiariodesanpedro.com.ar\/sitio\/wp-content\/uploads\/2023\/01\/WhatsApp-Image-2023-01-18-at-10.14.35-2-768x432.jpeg 768w, https:\/\/eldiariodesanpedro.com.ar\/sitio\/wp-content\/uploads\/2023\/01\/WhatsApp-Image-2023-01-18-at-10.14.35-2.jpeg 1120w\" data-sizes=\"(max-width: 1024px) 100vw, 1024px\" src=\"data:image\/svg+xml;base64,PHN2ZyB3aWR0aD0iMSIgaGVpZ2h0PSIxIiB4bWxucz0iaHR0cDovL3d3dy53My5vcmcvMjAwMC9zdmciPjwvc3ZnPg==\" style=\"--smush-placeholder-width: 1024px; --smush-placeholder-aspect-ratio: 1024\/576;\" \/><\/figure>\n\n\n\n<figure class=\"wp-block-image size-full\"><img decoding=\"async\" width=\"354\" height=\"630\" data-attachment-id=\"114242\" data-permalink=\"https:\/\/eldiariodesanpedro.com.ar\/sitio\/un-automovil-impacto-de-atras-a-otro-en-ruta-9-y-termina-volcando-en-uno-de-ellos-viajaban-una-nena-de-6-anos\/whatsapp-image-2023-01-18-at-10-14-35-1\/\" data-orig-file=\"https:\/\/eldiariodesanpedro.com.ar\/sitio\/wp-content\/uploads\/2023\/01\/WhatsApp-Image-2023-01-18-at-10.14.35-1.jpeg\" data-orig-size=\"354,630\" data-comments-opened=\"0\" data-image-meta=\"{&quot;aperture&quot;:&quot;0&quot;,&quot;credit&quot;:&quot;&quot;,&quot;camera&quot;:&quot;&quot;,&quot;caption&quot;:&quot;&quot;,&quot;created_timestamp&quot;:&quot;0&quot;,&quot;copyright&quot;:&quot;&quot;,&quot;focal_length&quot;:&quot;0&quot;,&quot;iso&quot;:&quot;0&quot;,&quot;shutter_speed&quot;:&quot;0&quot;,&quot;title&quot;:&quot;&quot;,&quot;orientation&quot;:&quot;0&quot;}\" data-image-title=\"WhatsApp Image 2023-01-18 at 10.14.35 (1)\" data-image-description=\"\" data-image-caption=\"\" data-large-file=\"https:\/\/eldiariodesanpedro.com.ar\/sitio\/wp-content\/uploads\/2023\/01\/WhatsApp-Image-2023-01-18-at-10.14.35-1.jpeg\" data-src=\"https:\/\/eldiariodesanpedro.com.ar\/sitio\/wp-content\/uploads\/2023\/01\/WhatsApp-Image-2023-01-18-at-10.14.35-1.jpeg\" alt=\"\" class=\"wp-image-114242 lazyload\" data-srcset=\"https:\/\/eldiariodesanpedro.com.ar\/sitio\/wp-content\/uploads\/2023\/01\/WhatsApp-Image-2023-01-18-at-10.14.35-1.jpeg 354w, https:\/\/eldiariodesanpedro.com.ar\/sitio\/wp-content\/uploads\/2023\/01\/WhatsApp-Image-2023-01-18-at-10.14.35-1-169x300.jpeg 169w\" data-sizes=\"(max-width: 354px) 100vw, 354px\" src=\"data:image\/svg+xml;base64,PHN2ZyB3aWR0aD0iMSIgaGVpZ2h0PSIxIiB4bWxucz0iaHR0cDovL3d3dy53My5vcmcvMjAwMC9zdmciPjwvc3ZnPg==\" style=\"--smush-placeholder-width: 354px; --smush-placeholder-aspect-ratio: 354\/630;\" \/><\/figure>\n","protected":false},"excerpt":{"rendered":"<p>En las primeras horas de la ma\u00f1ana ocurri\u00f3 un accidente sobre la ruta 9 donde afortunadamente no hubo que lamentar personas heridas. El siniestro tuvo lugar en ruta nacional 9 a pocos metros de la ruta 191, donde un autom\u00f3vil Renault Cl\u00edo en el que circulaban un ciudadano de 66 a\u00f1os acompa\u00f1ada de su esposa [&hellip;]<\/p>\n","protected":false},"author":4,"featured_media":114244,"comment_status":"closed","ping_status":"closed","sticky":false,"template":"","format":"standard","meta":{"om_disable_all_campaigns":false,"_jetpack_memberships_contains_paid_content":false,"footnotes":""},"categories":[2,103],"tags":[197,696,33,19],"class_list":["post-114241","post","type-post","status-publish","format-standard","has-post-thumbnail","hentry","category-locales","category-policiales-locales","tag-buenos-aires","tag-interes-general","tag-locales","tag-san-pedro"],"aioseo_notices":[],"gutentor_comment":0,"jetpack_featured_media_url":"https:\/\/eldiariodesanpedro.com.ar\/sitio\/wp-content\/uploads\/2023\/01\/WhatsApp-Image-2023-01-18-at-10.14.36.jpeg","jetpack_shortlink":"https:\/\/wp.me\/p6RhLt-tIB","jetpack_sharing_enabled":true,"_links":{"self":[{"href":"https:\/\/eldiariodesanpedro.com.ar\/sitio\/wp-json\/wp\/v2\/posts\/114241","targetHints":{"allow":["GET"]}}],"collection":[{"href":"https:\/\/eldiariodesanpedro.com.ar\/sitio\/wp-json\/wp\/v2\/posts"}],"about":[{"href":"https:\/\/eldiariodesanpedro.com.ar\/sitio\/wp-json\/wp\/v2\/types\/post"}],"author":[{"embeddable":true,"href":"https:\/\/eldiariodesanpedro.com.ar\/sitio\/wp-json\/wp\/v2\/users\/4"}],"replies":[{"embeddable":true,"href":"https:\/\/eldiariodesanpedro.com.ar\/sitio\/wp-json\/wp\/v2\/comments?post=114241"}],"version-history":[{"count":1,"href":"https:\/\/eldiariodesanpedro.com.ar\/sitio\/wp-json\/wp\/v2\/posts\/114241\/revisions"}],"predecessor-version":[{"id":114245,"href":"https:\/\/eldiariodesanpedro.com.ar\/sitio\/wp-json\/wp\/v2\/posts\/114241\/revisions\/114245"}],"wp:featuredmedia":[{"embeddable":true,"href":"https:\/\/eldiariodesanpedro.com.ar\/sitio\/wp-json\/wp\/v2\/media\/114244"}],"wp:attachment":[{"href":"https:\/\/eldiariodesanpedro.com.ar\/sitio\/wp-json\/wp\/v2\/media?parent=114241"}],"wp:term":[{"taxonomy":"category","embeddable":true,"href":"https:\/\/eldiariodesanpedro.com.ar\/sitio\/wp-json\/wp\/v2\/categories?post=114241"},{"taxonomy":"post_tag","embeddable":true,"href":"https:\/\/eldiariodesanpedro.com.ar\/sitio\/wp-json\/wp\/v2\/tags?post=114241"}],"curies":[{"name":"wp","href":"https:\/\/api.w.org\/{rel}","templated":true}]}}