{"id":114224,"date":"2023-01-17T13:46:17","date_gmt":"2023-01-17T16:46:17","guid":{"rendered":"https:\/\/eldiariodesanpedro.com.ar\/sitio\/?p=114224"},"modified":"2023-01-17T13:46:19","modified_gmt":"2023-01-17T16:46:19","slug":"detuvieron-a-una-persona-por-portacion-ilegal-de-armas-de-fuego-en-la-zona-de-islas","status":"publish","type":"post","link":"https:\/\/eldiariodesanpedro.com.ar\/sitio\/detuvieron-a-una-persona-por-portacion-ilegal-de-armas-de-fuego-en-la-zona-de-islas\/","title":{"rendered":"Detuvieron a una persona por portaci\u00f3n ilegal de armas de fuego en la zona de islas"},"content":{"rendered":"<!-- VideographyWP Plugin Message: Automatic video embedding prevented by plugin options. -->\n\n<p>En el d\u00eda de ayer, alrededor de las 18:30 hs, el personal del grupo GTO&nbsp; diligencio orden de detenci\u00f3n&nbsp; para con ciudadano de 76 a\u00f1os de edad dispuesto por Juzgado de Ejecuci\u00f3n Penal a cargo del Dr Anselmo Gonz\u00e1lez.<\/p>\n\n\n\n<p>En el marco de&nbsp; una causa por \u00abviolaci\u00f3n de domicilio-lesiones leves incendio- abuso de armas &#8211; portaci\u00f3n ilegal de arma de guerra\u00bb,&nbsp; en un domicilio ubicado en el sector de islas frente a buque museo.<\/p>\n\n\n\n<p>Tras examen m\u00e9dico en hospital Subzonal San Pedro se determin\u00f3 que el sindicado padece problemas arteriales por lo que permanece en observaci\u00f3n en dicho nosocomio y una vez dado de alta, ser\u00e1 alojado en esta dependencia por los delitos que se le imputan.-<\/p>\n","protected":false},"excerpt":{"rendered":"<p>En el d\u00eda de ayer, alrededor de las 18:30 hs, el personal del grupo GTO&nbsp; diligencio orden de detenci\u00f3n&nbsp; para con ciudadano de 76 a\u00f1os de edad dispuesto por Juzgado de Ejecuci\u00f3n Penal a cargo del Dr Anselmo Gonz\u00e1lez. En el marco de&nbsp; una causa por \u00abviolaci\u00f3n de domicilio-lesiones leves incendio- abuso de armas &#8211; [&hellip;]<\/p>\n","protected":false},"author":4,"featured_media":114225,"comment_status":"closed","ping_status":"closed","sticky":false,"template":"","format":"standard","meta":{"om_disable_all_campaigns":false,"_jetpack_memberships_contains_paid_content":false,"footnotes":""},"categories":[2,103],"tags":[197,33,95,19],"class_list":["post-114224","post","type-post","status-publish","format-standard","has-post-thumbnail","hentry","category-locales","category-policiales-locales","tag-buenos-aires","tag-locales","tag-policiales","tag-san-pedro"],"aioseo_notices":[],"gutentor_comment":0,"jetpack_featured_media_url":"https:\/\/eldiariodesanpedro.com.ar\/sitio\/wp-content\/uploads\/2023\/01\/medida1-1.jpg","jetpack_shortlink":"https:\/\/wp.me\/p6RhLt-tIk","jetpack_sharing_enabled":true,"_links":{"self":[{"href":"https:\/\/eldiariodesanpedro.com.ar\/sitio\/wp-json\/wp\/v2\/posts\/114224","targetHints":{"allow":["GET"]}}],"collection":[{"href":"https:\/\/eldiariodesanpedro.com.ar\/sitio\/wp-json\/wp\/v2\/posts"}],"about":[{"href":"https:\/\/eldiariodesanpedro.com.ar\/sitio\/wp-json\/wp\/v2\/types\/post"}],"author":[{"embeddable":true,"href":"https:\/\/eldiariodesanpedro.com.ar\/sitio\/wp-json\/wp\/v2\/users\/4"}],"replies":[{"embeddable":true,"href":"https:\/\/eldiariodesanpedro.com.ar\/sitio\/wp-json\/wp\/v2\/comments?post=114224"}],"version-history":[{"count":1,"href":"https:\/\/eldiariodesanpedro.com.ar\/sitio\/wp-json\/wp\/v2\/posts\/114224\/revisions"}],"predecessor-version":[{"id":114226,"href":"https:\/\/eldiariodesanpedro.com.ar\/sitio\/wp-json\/wp\/v2\/posts\/114224\/revisions\/114226"}],"wp:featuredmedia":[{"embeddable":true,"href":"https:\/\/eldiariodesanpedro.com.ar\/sitio\/wp-json\/wp\/v2\/media\/114225"}],"wp:attachment":[{"href":"https:\/\/eldiariodesanpedro.com.ar\/sitio\/wp-json\/wp\/v2\/media?parent=114224"}],"wp:term":[{"taxonomy":"category","embeddable":true,"href":"https:\/\/eldiariodesanpedro.com.ar\/sitio\/wp-json\/wp\/v2\/categories?post=114224"},{"taxonomy":"post_tag","embeddable":true,"href":"https:\/\/eldiariodesanpedro.com.ar\/sitio\/wp-json\/wp\/v2\/tags?post=114224"}],"curies":[{"name":"wp","href":"https:\/\/api.w.org\/{rel}","templated":true}]}}