{"id":114209,"date":"2023-01-17T13:19:15","date_gmt":"2023-01-17T16:19:15","guid":{"rendered":"https:\/\/eldiariodesanpedro.com.ar\/sitio\/?p=114209"},"modified":"2023-01-17T13:19:17","modified_gmt":"2023-01-17T16:19:17","slug":"incendio-de-basura-y-pastizales-en-una-vivienda-centrica","status":"publish","type":"post","link":"https:\/\/eldiariodesanpedro.com.ar\/sitio\/incendio-de-basura-y-pastizales-en-una-vivienda-centrica\/","title":{"rendered":"Incendio de basura y pastizales en una vivienda c\u00e9ntrica"},"content":{"rendered":"<!-- VideographyWP Plugin Message: Automatic video embedding prevented by plugin options. -->\n\n<p>En la jornada de hoy tuvo que intervenir los bomberos en una vivienda donde por razones que se desconoce comenz\u00f3 un incendio en el patio de una vivienda,<\/p>\n\n\n\n<p>El hecho ocurri\u00f3 este mediod\u00eda alrededor de las 12:30 hs en una casa ubicada en proximidades de calle Gomendio y Av. 3 de Febrero donde se inicio un incendio por motivos que se desconoce que termino ardiendo varias partes del patio donde debido a la sequia el pasto se quemo todo.<\/p>\n\n\n\n<p>Se hizo presente bomberos voluntarios para evitar que el fuego se propague a viviendas linderas.<\/p>\n\n\n\n<iframe data-src=\"https:\/\/www.facebook.com\/plugins\/video.php?height=314&#038;href=https%3A%2F%2Fwww.facebook.com%2Fdiariosp2%2Fvideos%2F1026811951609469%2F&#038;show_text=false&#038;width=560&#038;t=0\" width=\"560\" height=\"314\" style=\"border:none;overflow:hidden\" scrolling=\"no\" frameborder=\"0\" allowfullscreen=\"true\" allow=\"autoplay; clipboard-write; encrypted-media; picture-in-picture; web-share\" allowFullScreen=\"true\" src=\"data:image\/svg+xml;base64,PHN2ZyB3aWR0aD0iMSIgaGVpZ2h0PSIxIiB4bWxucz0iaHR0cDovL3d3dy53My5vcmcvMjAwMC9zdmciPjwvc3ZnPg==\" class=\"lazyload\" data-load-mode=\"1\"><\/iframe>\n","protected":false},"excerpt":{"rendered":"<p>En la jornada de hoy tuvo que intervenir los bomberos en una vivienda donde por razones que se desconoce comenz\u00f3 un incendio en el patio de una vivienda, El hecho ocurri\u00f3 este mediod\u00eda alrededor de las 12:30 hs en una casa ubicada en proximidades de calle Gomendio y Av. 3 de Febrero donde se inicio [&hellip;]<\/p>\n","protected":false},"author":4,"featured_media":114216,"comment_status":"closed","ping_status":"closed","sticky":false,"template":"","format":"standard","meta":{"om_disable_all_campaigns":false,"_jetpack_memberships_contains_paid_content":false,"footnotes":""},"categories":[50,2,103],"tags":[197,33,95,19],"class_list":["post-114209","post","type-post","status-publish","format-standard","has-post-thumbnail","hentry","category-destacadas","category-locales","category-policiales-locales","tag-buenos-aires","tag-locales","tag-policiales","tag-san-pedro"],"aioseo_notices":[],"gutentor_comment":0,"jetpack_featured_media_url":"https:\/\/eldiariodesanpedro.com.ar\/sitio\/wp-content\/uploads\/2023\/01\/WhatsApp-Image-2023-01-17-at-12.53.11.jpeg","jetpack_shortlink":"https:\/\/wp.me\/p6RhLt-tI5","jetpack_sharing_enabled":true,"_links":{"self":[{"href":"https:\/\/eldiariodesanpedro.com.ar\/sitio\/wp-json\/wp\/v2\/posts\/114209","targetHints":{"allow":["GET"]}}],"collection":[{"href":"https:\/\/eldiariodesanpedro.com.ar\/sitio\/wp-json\/wp\/v2\/posts"}],"about":[{"href":"https:\/\/eldiariodesanpedro.com.ar\/sitio\/wp-json\/wp\/v2\/types\/post"}],"author":[{"embeddable":true,"href":"https:\/\/eldiariodesanpedro.com.ar\/sitio\/wp-json\/wp\/v2\/users\/4"}],"replies":[{"embeddable":true,"href":"https:\/\/eldiariodesanpedro.com.ar\/sitio\/wp-json\/wp\/v2\/comments?post=114209"}],"version-history":[{"count":1,"href":"https:\/\/eldiariodesanpedro.com.ar\/sitio\/wp-json\/wp\/v2\/posts\/114209\/revisions"}],"predecessor-version":[{"id":114218,"href":"https:\/\/eldiariodesanpedro.com.ar\/sitio\/wp-json\/wp\/v2\/posts\/114209\/revisions\/114218"}],"wp:featuredmedia":[{"embeddable":true,"href":"https:\/\/eldiariodesanpedro.com.ar\/sitio\/wp-json\/wp\/v2\/media\/114216"}],"wp:attachment":[{"href":"https:\/\/eldiariodesanpedro.com.ar\/sitio\/wp-json\/wp\/v2\/media?parent=114209"}],"wp:term":[{"taxonomy":"category","embeddable":true,"href":"https:\/\/eldiariodesanpedro.com.ar\/sitio\/wp-json\/wp\/v2\/categories?post=114209"},{"taxonomy":"post_tag","embeddable":true,"href":"https:\/\/eldiariodesanpedro.com.ar\/sitio\/wp-json\/wp\/v2\/tags?post=114209"}],"curies":[{"name":"wp","href":"https:\/\/api.w.org\/{rel}","templated":true}]}}