{"id":114202,"date":"2023-01-17T11:33:37","date_gmt":"2023-01-17T14:33:37","guid":{"rendered":"https:\/\/eldiariodesanpedro.com.ar\/sitio\/?p=114202"},"modified":"2023-01-17T11:33:38","modified_gmt":"2023-01-17T14:33:38","slug":"el-servicio-nacional-de-manejo-del-fuego-se-suma-a-los-trabajos-para-combatir-los-incendios","status":"publish","type":"post","link":"https:\/\/eldiariodesanpedro.com.ar\/sitio\/el-servicio-nacional-de-manejo-del-fuego-se-suma-a-los-trabajos-para-combatir-los-incendios\/","title":{"rendered":"El Servicio Nacional de Manejo del Fuego se suma a los trabajos para combatir los incendios"},"content":{"rendered":"<!-- VideographyWP Plugin Message: Automatic video embedding prevented by plugin options. -->\n\n<p>La Municipalidad de San Pedro informa que, luego de un an\u00e1lisis conjunto entre los organismos de la Provincia de Entre R\u00edos que se encuentran trabajando en la extinci\u00f3n de los focos de incendios en el delta con base en nuestra ciudad desde hace 10 d\u00edas, se resolvi\u00f3 la solicitud de colaboraci\u00f3n al Ministerio de Ambiente y Desarrollo Sostenible de la Naci\u00f3n quien, a trav\u00e9s del Servicio Nacional de Manejo del Fuego enviar\u00e1 20 brigadistas para sumarse a las tareas que se vienen desarrollando.<\/p>\n\n\n\n<p>Durante esta segunda etapa se abordar\u00e1 conjuntamente entre la Direcci\u00f3n Provincial de Defensa Civil de Entre R\u00edos, el Servicio Nacional de Manejo del Fuego y la Municipalidad de San Pedro que brinda apoyo log\u00edstico y destina personal de las Secretar\u00edas de Salud, Seguridad, Turismo y Cultura, Servicios P\u00fablicos y Desarrollo Humano; y la Direcci\u00f3n de Defensa Civil de San Pedro para llevar a cabo las diferentes competencias solicitadas por el Intendente Municipal, Dr. Ram\u00f3n Salazar, para acompa\u00f1ar los trabajo que llevan a cabo en las zonas de focos \u00edgneos los 45 efectivos entre brigadistas de campo, pilotos, ayudantes de tierra, coordinadores y Bomberos Voluntarios de nuestra ciudad.<\/p>\n\n\n\n<p><\/p>\n\n\n\n<figure class=\"wp-block-image size-full\"><img decoding=\"async\" width=\"800\" height=\"451\" data-attachment-id=\"114203\" data-permalink=\"https:\/\/eldiariodesanpedro.com.ar\/sitio\/el-servicio-nacional-de-manejo-del-fuego-se-suma-a-los-trabajos-para-combatir-los-incendios\/06-08-20_brigadistas_01\/\" data-orig-file=\"https:\/\/eldiariodesanpedro.com.ar\/sitio\/wp-content\/uploads\/2023\/01\/06-08-20_brigadistas_01.jpg\" data-orig-size=\"800,451\" data-comments-opened=\"0\" data-image-meta=\"{&quot;aperture&quot;:&quot;0&quot;,&quot;credit&quot;:&quot;&quot;,&quot;camera&quot;:&quot;&quot;,&quot;caption&quot;:&quot;&quot;,&quot;created_timestamp&quot;:&quot;0&quot;,&quot;copyright&quot;:&quot;&quot;,&quot;focal_length&quot;:&quot;0&quot;,&quot;iso&quot;:&quot;0&quot;,&quot;shutter_speed&quot;:&quot;0&quot;,&quot;title&quot;:&quot;&quot;,&quot;orientation&quot;:&quot;1&quot;}\" data-image-title=\"06-08-20_brigadistas_01\" data-image-description=\"\" data-image-caption=\"\" data-large-file=\"https:\/\/eldiariodesanpedro.com.ar\/sitio\/wp-content\/uploads\/2023\/01\/06-08-20_brigadistas_01.jpg\" data-src=\"https:\/\/eldiariodesanpedro.com.ar\/sitio\/wp-content\/uploads\/2023\/01\/06-08-20_brigadistas_01.jpg\" alt=\"\" class=\"wp-image-114203 lazyload\" data-srcset=\"https:\/\/eldiariodesanpedro.com.ar\/sitio\/wp-content\/uploads\/2023\/01\/06-08-20_brigadistas_01.jpg 800w, https:\/\/eldiariodesanpedro.com.ar\/sitio\/wp-content\/uploads\/2023\/01\/06-08-20_brigadistas_01-300x169.jpg 300w, https:\/\/eldiariodesanpedro.com.ar\/sitio\/wp-content\/uploads\/2023\/01\/06-08-20_brigadistas_01-768x433.jpg 768w\" data-sizes=\"(max-width: 800px) 100vw, 800px\" src=\"data:image\/svg+xml;base64,PHN2ZyB3aWR0aD0iMSIgaGVpZ2h0PSIxIiB4bWxucz0iaHR0cDovL3d3dy53My5vcmcvMjAwMC9zdmciPjwvc3ZnPg==\" style=\"--smush-placeholder-width: 800px; --smush-placeholder-aspect-ratio: 800\/451;\" \/><\/figure>\n\n\n\n<figure class=\"wp-block-image size-full\"><img decoding=\"async\" width=\"800\" height=\"451\" data-attachment-id=\"114205\" data-permalink=\"https:\/\/eldiariodesanpedro.com.ar\/sitio\/el-servicio-nacional-de-manejo-del-fuego-se-suma-a-los-trabajos-para-combatir-los-incendios\/06-08-20_brigadistas_07\/\" data-orig-file=\"https:\/\/eldiariodesanpedro.com.ar\/sitio\/wp-content\/uploads\/2023\/01\/06-08-20_brigadistas_07.jpg\" data-orig-size=\"800,451\" data-comments-opened=\"0\" data-image-meta=\"{&quot;aperture&quot;:&quot;0&quot;,&quot;credit&quot;:&quot;&quot;,&quot;camera&quot;:&quot;&quot;,&quot;caption&quot;:&quot;&quot;,&quot;created_timestamp&quot;:&quot;0&quot;,&quot;copyright&quot;:&quot;&quot;,&quot;focal_length&quot;:&quot;0&quot;,&quot;iso&quot;:&quot;0&quot;,&quot;shutter_speed&quot;:&quot;0&quot;,&quot;title&quot;:&quot;&quot;,&quot;orientation&quot;:&quot;1&quot;}\" data-image-title=\"06-08-20_brigadistas_07\" data-image-description=\"\" data-image-caption=\"\" data-large-file=\"https:\/\/eldiariodesanpedro.com.ar\/sitio\/wp-content\/uploads\/2023\/01\/06-08-20_brigadistas_07.jpg\" data-src=\"https:\/\/eldiariodesanpedro.com.ar\/sitio\/wp-content\/uploads\/2023\/01\/06-08-20_brigadistas_07.jpg\" alt=\"\" class=\"wp-image-114205 lazyload\" data-srcset=\"https:\/\/eldiariodesanpedro.com.ar\/sitio\/wp-content\/uploads\/2023\/01\/06-08-20_brigadistas_07.jpg 800w, https:\/\/eldiariodesanpedro.com.ar\/sitio\/wp-content\/uploads\/2023\/01\/06-08-20_brigadistas_07-300x169.jpg 300w, https:\/\/eldiariodesanpedro.com.ar\/sitio\/wp-content\/uploads\/2023\/01\/06-08-20_brigadistas_07-768x433.jpg 768w\" data-sizes=\"(max-width: 800px) 100vw, 800px\" src=\"data:image\/svg+xml;base64,PHN2ZyB3aWR0aD0iMSIgaGVpZ2h0PSIxIiB4bWxucz0iaHR0cDovL3d3dy53My5vcmcvMjAwMC9zdmciPjwvc3ZnPg==\" style=\"--smush-placeholder-width: 800px; --smush-placeholder-aspect-ratio: 800\/451;\" \/><\/figure>\n","protected":false},"excerpt":{"rendered":"<p>La Municipalidad de San Pedro informa que, luego de un an\u00e1lisis conjunto entre los organismos de la Provincia de Entre R\u00edos que se encuentran trabajando en la extinci\u00f3n de los focos de incendios en el delta con base en nuestra ciudad desde hace 10 d\u00edas, se resolvi\u00f3 la solicitud de colaboraci\u00f3n al Ministerio de Ambiente [&hellip;]<\/p>\n","protected":false},"author":4,"featured_media":114204,"comment_status":"closed","ping_status":"closed","sticky":false,"template":"","format":"standard","meta":{"om_disable_all_campaigns":false,"_jetpack_memberships_contains_paid_content":false,"footnotes":""},"categories":[50,101,2],"tags":[197,696,33,19],"class_list":["post-114202","post","type-post","status-publish","format-standard","has-post-thumbnail","hentry","category-destacadas","category-interes-general-locales","category-locales","tag-buenos-aires","tag-interes-general","tag-locales","tag-san-pedro"],"aioseo_notices":[],"gutentor_comment":0,"jetpack_featured_media_url":"https:\/\/eldiariodesanpedro.com.ar\/sitio\/wp-content\/uploads\/2023\/01\/06-08-20_brigadistas_02.jpg","jetpack_shortlink":"https:\/\/wp.me\/p6RhLt-tHY","jetpack_sharing_enabled":true,"_links":{"self":[{"href":"https:\/\/eldiariodesanpedro.com.ar\/sitio\/wp-json\/wp\/v2\/posts\/114202","targetHints":{"allow":["GET"]}}],"collection":[{"href":"https:\/\/eldiariodesanpedro.com.ar\/sitio\/wp-json\/wp\/v2\/posts"}],"about":[{"href":"https:\/\/eldiariodesanpedro.com.ar\/sitio\/wp-json\/wp\/v2\/types\/post"}],"author":[{"embeddable":true,"href":"https:\/\/eldiariodesanpedro.com.ar\/sitio\/wp-json\/wp\/v2\/users\/4"}],"replies":[{"embeddable":true,"href":"https:\/\/eldiariodesanpedro.com.ar\/sitio\/wp-json\/wp\/v2\/comments?post=114202"}],"version-history":[{"count":1,"href":"https:\/\/eldiariodesanpedro.com.ar\/sitio\/wp-json\/wp\/v2\/posts\/114202\/revisions"}],"predecessor-version":[{"id":114206,"href":"https:\/\/eldiariodesanpedro.com.ar\/sitio\/wp-json\/wp\/v2\/posts\/114202\/revisions\/114206"}],"wp:featuredmedia":[{"embeddable":true,"href":"https:\/\/eldiariodesanpedro.com.ar\/sitio\/wp-json\/wp\/v2\/media\/114204"}],"wp:attachment":[{"href":"https:\/\/eldiariodesanpedro.com.ar\/sitio\/wp-json\/wp\/v2\/media?parent=114202"}],"wp:term":[{"taxonomy":"category","embeddable":true,"href":"https:\/\/eldiariodesanpedro.com.ar\/sitio\/wp-json\/wp\/v2\/categories?post=114202"},{"taxonomy":"post_tag","embeddable":true,"href":"https:\/\/eldiariodesanpedro.com.ar\/sitio\/wp-json\/wp\/v2\/tags?post=114202"}],"curies":[{"name":"wp","href":"https:\/\/api.w.org\/{rel}","templated":true}]}}