{"id":114199,"date":"2023-01-17T11:23:55","date_gmt":"2023-01-17T14:23:55","guid":{"rendered":"https:\/\/eldiariodesanpedro.com.ar\/sitio\/?p=114199"},"modified":"2023-01-17T11:23:57","modified_gmt":"2023-01-17T14:23:57","slug":"sandra-mihanovich-este-premio-es-un-reconocimiento-al-trabajo-de-monica-y-cesar","status":"publish","type":"post","link":"https:\/\/eldiariodesanpedro.com.ar\/sitio\/sandra-mihanovich-este-premio-es-un-reconocimiento-al-trabajo-de-monica-y-cesar\/","title":{"rendered":"Sandra Mihanovich: \u00abEste premio es un reconocimiento al trabajo de M\u00f3nica y C\u00e9sar\u00bb"},"content":{"rendered":"<!-- VideographyWP Plugin Message: Automatic video embedding prevented by plugin options. -->\n\n<p>Luego de que La Campi\u00f1a obtenga el primer y segundo premio al mejor durazno en la fiesta celebrada en Gdor. Castro la reconocida cantautora se refiri\u00f3 al significado que tiene para la familia ante la ausencia de C\u00e9sar Mascetti. Mihanovich hizo referencia a su arraigo con San Pedro.<\/p>\n\n\n\n<p>El fin de semana se celebr\u00f3 en Gobernador Castro la 23ra. edici\u00f3n de la Fiesta del Durazno y otra vez La Campi\u00f1a de M\u00f3nica y C\u00e9sar se qued\u00f3 con el premio mayor a la mejor producci\u00f3n del a\u00f1o.<\/p>\n\n\n\n<p>A la vez fue la primera fiesta sin Cesar Mascetti, fallecido en octubre del a\u00f1o pasado, y por eso del significado que tiene todo lo sucedido por estos d\u00edas<\/p>\n\n\n\n<p>M\u00f3nica Cahen D&#8217;Anvers fundadora de La Campi\u00f1a y esposa de Mascetti estuvo en la celebraci\u00f3n y lo hizo acompa\u00f1ada de su hija, la reconocida cantautora Sandra Mihanovich.<\/p>\n\n\n\n<p>La artista habl\u00f3 en el aire de FM G\u00e9nesis en d\u00f3nde se refiri\u00f3 al premio obtenido pero tambi\u00e9n record\u00f3 al periodista y productor sampedrino Cesar Mascetti y el sentimiento que tiene hoy por nuestra ciudad.<\/p>\n\n\n\n<p>\u00abEstamos muy contentos, muy emocionados, con el orgullo tremendo de haber ganado el durazno de oro y el durazno de plata\u00bb.<\/p>\n\n\n\n<p>\u00abMam\u00e1 dijo que el Tata est\u00e1 contento y lo est\u00e1 compartiendo desde el cielo, y yo creo que es un premio al trabajo de ellos y a toda la garra y energ\u00eda que le han puesto a lo largo de todos estos a\u00f1os\u00bb, sostuvo durante la entrevista..<\/p>\n\n\n\n<p>\u00abSin dudas que todo lo que pas\u00f3 en Gobernador Castro fue muy lindo, adem\u00e1s de poder encontrarnos y dar un fuerte abrazo con Jairo\u00bb, dijo tras el encuentro con el artista.<\/p>\n\n\n\n<p>\u00abTodo lo que pas\u00f3 es un orgullo para mam\u00e1, para C\u00e9sar, y toda la gente que trabaja en La Campi\u00f1a y reconocida la enorme gama de productores que trabajan en estas tierras\u00bb.<\/p>\n\n\n\n<p>\u00abLa zona de San Pedro ha Sido bendecida con una calidad que hace que sus duraznos sean los mejores del pa\u00eds\u00bb.<\/p>\n\n\n\n<p>\u00abMam\u00e1 y C\u00e9sar son un poco los embajadores de San Pedro y a mi me ha tocado heredarlo y ac\u00e1 estoy haci\u00e9ndome cargo junto al resto de la familia, venimos todos bastante seguido y le estamos poniendo el cuerpo, poniendo las ganas para cuidar al hijo de mam\u00e1 y C\u00e9sar que es La Campi\u00f1a\u00bb.<\/p>\n\n\n\n<p>\u00abMe hace muy feliz formar parte de la comunidad de San Pedro, me siento muy cerca de la ciudad\u00bb, reconoci\u00f3 Mihanovich en cuanto a su arraigo por la ciudad.<\/p>\n\n\n\n<p>\u00abDesde que C\u00e9sar parti\u00f3 el 4 de octubre del a\u00f1o pasado hemos estado muy cerca de mi mam\u00e1, fuimos al cine, hemos estado en distintos restaurantes, es una ciudad que cada vez est\u00e1 m\u00e1s linda y con m\u00e1s propuestas\u00bb.<\/p>\n\n\n\n<p>\u00abTengo la camiseta de San Pedro puesta y desde La Campi\u00f1a disfrutando del verano con nuestra propuesta de abrir todos los d\u00edas desde las 10 horas\u00bb.<\/p>\n","protected":false},"excerpt":{"rendered":"<p>Luego de que La Campi\u00f1a obtenga el primer y segundo premio al mejor durazno en la fiesta celebrada en Gdor. Castro la reconocida cantautora se refiri\u00f3 al significado que tiene para la familia ante la ausencia de C\u00e9sar Mascetti. Mihanovich hizo referencia a su arraigo con San Pedro. El fin de semana se celebr\u00f3 en [&hellip;]<\/p>\n","protected":false},"author":4,"featured_media":114200,"comment_status":"closed","ping_status":"closed","sticky":false,"template":"","format":"standard","meta":{"om_disable_all_campaigns":false,"_jetpack_memberships_contains_paid_content":false,"footnotes":""},"categories":[50,101,2],"tags":[197,696,33,19],"class_list":["post-114199","post","type-post","status-publish","format-standard","has-post-thumbnail","hentry","category-destacadas","category-interes-general-locales","category-locales","tag-buenos-aires","tag-interes-general","tag-locales","tag-san-pedro"],"aioseo_notices":[],"gutentor_comment":0,"jetpack_featured_media_url":"https:\/\/eldiariodesanpedro.com.ar\/sitio\/wp-content\/uploads\/2023\/01\/descarga.jpg","jetpack_shortlink":"https:\/\/wp.me\/p6RhLt-tHV","jetpack_sharing_enabled":true,"_links":{"self":[{"href":"https:\/\/eldiariodesanpedro.com.ar\/sitio\/wp-json\/wp\/v2\/posts\/114199","targetHints":{"allow":["GET"]}}],"collection":[{"href":"https:\/\/eldiariodesanpedro.com.ar\/sitio\/wp-json\/wp\/v2\/posts"}],"about":[{"href":"https:\/\/eldiariodesanpedro.com.ar\/sitio\/wp-json\/wp\/v2\/types\/post"}],"author":[{"embeddable":true,"href":"https:\/\/eldiariodesanpedro.com.ar\/sitio\/wp-json\/wp\/v2\/users\/4"}],"replies":[{"embeddable":true,"href":"https:\/\/eldiariodesanpedro.com.ar\/sitio\/wp-json\/wp\/v2\/comments?post=114199"}],"version-history":[{"count":1,"href":"https:\/\/eldiariodesanpedro.com.ar\/sitio\/wp-json\/wp\/v2\/posts\/114199\/revisions"}],"predecessor-version":[{"id":114201,"href":"https:\/\/eldiariodesanpedro.com.ar\/sitio\/wp-json\/wp\/v2\/posts\/114199\/revisions\/114201"}],"wp:featuredmedia":[{"embeddable":true,"href":"https:\/\/eldiariodesanpedro.com.ar\/sitio\/wp-json\/wp\/v2\/media\/114200"}],"wp:attachment":[{"href":"https:\/\/eldiariodesanpedro.com.ar\/sitio\/wp-json\/wp\/v2\/media?parent=114199"}],"wp:term":[{"taxonomy":"category","embeddable":true,"href":"https:\/\/eldiariodesanpedro.com.ar\/sitio\/wp-json\/wp\/v2\/categories?post=114199"},{"taxonomy":"post_tag","embeddable":true,"href":"https:\/\/eldiariodesanpedro.com.ar\/sitio\/wp-json\/wp\/v2\/tags?post=114199"}],"curies":[{"name":"wp","href":"https:\/\/api.w.org\/{rel}","templated":true}]}}