{"id":114177,"date":"2023-01-16T21:00:48","date_gmt":"2023-01-17T00:00:48","guid":{"rendered":"https:\/\/eldiariodesanpedro.com.ar\/sitio\/?p=114177"},"modified":"2023-01-16T21:00:51","modified_gmt":"2023-01-17T00:00:51","slug":"servicio-restringido-en-todo-el-partido-por-salida-de-servicio-de-las-transformadores-de-san-pedrito-i","status":"publish","type":"post","link":"https:\/\/eldiariodesanpedro.com.ar\/sitio\/servicio-restringido-en-todo-el-partido-por-salida-de-servicio-de-las-transformadores-de-san-pedrito-i\/","title":{"rendered":"Servicio restringido en todo el Partido por salida de servicio de las transformadores de San Pedrito I"},"content":{"rendered":"<!-- VideographyWP Plugin Message: Automatic video embedding prevented by plugin options. -->\n\n<p>Ante la salida de servicio de dos transformadores de la ET San Pedrito I, que ocasionaron un corte desde aproximadamente las 17, est\u00e1 en marcha un operativo especial para administrar la disponibilidad de energ\u00eda con la que se cuenta, a trav\u00e9s del funcionamiento&nbsp;<strong>de uno de los transformadores que reanud\u00f3 su servicio.<\/strong><\/p>\n\n\n\n<p>A la espera de la normalizaci\u00f3n total y en una jornada de alto consumo, hay zonas que se mantienen sin servicio y durante la noche es posible que contin\u00faen algunas zonas afectadas.<\/p>\n\n\n\n<p>Con las notificaciones que se reciben desde la transportadora de energ\u00eda, la situaci\u00f3n sigue siendo monitoreada de manera constante por COOPSER para reanudar la plenitud del servicio a la brevedad posible.<\/p>\n\n\n\n<figure class=\"wp-block-image size-full\"><img decoding=\"async\" width=\"752\" height=\"630\" data-attachment-id=\"114178\" data-permalink=\"https:\/\/eldiariodesanpedro.com.ar\/sitio\/servicio-restringido-en-todo-el-partido-por-salida-de-servicio-de-las-transformadores-de-san-pedrito-i\/emergencia\/\" data-orig-file=\"https:\/\/eldiariodesanpedro.com.ar\/sitio\/wp-content\/uploads\/2023\/01\/emergencia.jpg\" data-orig-size=\"752,630\" data-comments-opened=\"0\" data-image-meta=\"{&quot;aperture&quot;:&quot;0&quot;,&quot;credit&quot;:&quot;&quot;,&quot;camera&quot;:&quot;&quot;,&quot;caption&quot;:&quot;&quot;,&quot;created_timestamp&quot;:&quot;0&quot;,&quot;copyright&quot;:&quot;&quot;,&quot;focal_length&quot;:&quot;0&quot;,&quot;iso&quot;:&quot;0&quot;,&quot;shutter_speed&quot;:&quot;0&quot;,&quot;title&quot;:&quot;&quot;,&quot;orientation&quot;:&quot;0&quot;}\" data-image-title=\"emergencia\" data-image-description=\"\" data-image-caption=\"\" data-large-file=\"https:\/\/eldiariodesanpedro.com.ar\/sitio\/wp-content\/uploads\/2023\/01\/emergencia.jpg\" data-src=\"https:\/\/eldiariodesanpedro.com.ar\/sitio\/wp-content\/uploads\/2023\/01\/emergencia.jpg\" alt=\"\" class=\"wp-image-114178 lazyload\" data-srcset=\"https:\/\/eldiariodesanpedro.com.ar\/sitio\/wp-content\/uploads\/2023\/01\/emergencia.jpg 752w, https:\/\/eldiariodesanpedro.com.ar\/sitio\/wp-content\/uploads\/2023\/01\/emergencia-300x251.jpg 300w\" data-sizes=\"(max-width: 752px) 100vw, 752px\" src=\"data:image\/svg+xml;base64,PHN2ZyB3aWR0aD0iMSIgaGVpZ2h0PSIxIiB4bWxucz0iaHR0cDovL3d3dy53My5vcmcvMjAwMC9zdmciPjwvc3ZnPg==\" style=\"--smush-placeholder-width: 752px; --smush-placeholder-aspect-ratio: 752\/630;\" \/><\/figure>\n","protected":false},"excerpt":{"rendered":"<p>Ante la salida de servicio de dos transformadores de la ET San Pedrito I, que ocasionaron un corte desde aproximadamente las 17, est\u00e1 en marcha un operativo especial para administrar la disponibilidad de energ\u00eda con la que se cuenta, a trav\u00e9s del funcionamiento&nbsp;de uno de los transformadores que reanud\u00f3 su servicio. A la espera de [&hellip;]<\/p>\n","protected":false},"author":4,"featured_media":79058,"comment_status":"closed","ping_status":"closed","sticky":false,"template":"","format":"standard","meta":{"om_disable_all_campaigns":false,"_jetpack_memberships_contains_paid_content":false,"footnotes":""},"categories":[101,2],"tags":[197,696,33,19],"class_list":["post-114177","post","type-post","status-publish","format-standard","has-post-thumbnail","hentry","category-interes-general-locales","category-locales","tag-buenos-aires","tag-interes-general","tag-locales","tag-san-pedro"],"aioseo_notices":[],"gutentor_comment":0,"jetpack_featured_media_url":"https:\/\/eldiariodesanpedro.com.ar\/sitio\/wp-content\/uploads\/2020\/08\/archivo-coopser.jpeg","jetpack_shortlink":"https:\/\/wp.me\/p6RhLt-tHz","jetpack_sharing_enabled":true,"_links":{"self":[{"href":"https:\/\/eldiariodesanpedro.com.ar\/sitio\/wp-json\/wp\/v2\/posts\/114177","targetHints":{"allow":["GET"]}}],"collection":[{"href":"https:\/\/eldiariodesanpedro.com.ar\/sitio\/wp-json\/wp\/v2\/posts"}],"about":[{"href":"https:\/\/eldiariodesanpedro.com.ar\/sitio\/wp-json\/wp\/v2\/types\/post"}],"author":[{"embeddable":true,"href":"https:\/\/eldiariodesanpedro.com.ar\/sitio\/wp-json\/wp\/v2\/users\/4"}],"replies":[{"embeddable":true,"href":"https:\/\/eldiariodesanpedro.com.ar\/sitio\/wp-json\/wp\/v2\/comments?post=114177"}],"version-history":[{"count":1,"href":"https:\/\/eldiariodesanpedro.com.ar\/sitio\/wp-json\/wp\/v2\/posts\/114177\/revisions"}],"predecessor-version":[{"id":114179,"href":"https:\/\/eldiariodesanpedro.com.ar\/sitio\/wp-json\/wp\/v2\/posts\/114177\/revisions\/114179"}],"wp:featuredmedia":[{"embeddable":true,"href":"https:\/\/eldiariodesanpedro.com.ar\/sitio\/wp-json\/wp\/v2\/media\/79058"}],"wp:attachment":[{"href":"https:\/\/eldiariodesanpedro.com.ar\/sitio\/wp-json\/wp\/v2\/media?parent=114177"}],"wp:term":[{"taxonomy":"category","embeddable":true,"href":"https:\/\/eldiariodesanpedro.com.ar\/sitio\/wp-json\/wp\/v2\/categories?post=114177"},{"taxonomy":"post_tag","embeddable":true,"href":"https:\/\/eldiariodesanpedro.com.ar\/sitio\/wp-json\/wp\/v2\/tags?post=114177"}],"curies":[{"name":"wp","href":"https:\/\/api.w.org\/{rel}","templated":true}]}}