{"id":114148,"date":"2023-01-16T15:23:19","date_gmt":"2023-01-16T18:23:19","guid":{"rendered":"https:\/\/eldiariodesanpedro.com.ar\/sitio\/?p=114148"},"modified":"2023-01-16T15:23:20","modified_gmt":"2023-01-16T18:23:20","slug":"un-camion-volco-cargado-de-troncos-tras-colisionar-con-una-camioneta-f100","status":"publish","type":"post","link":"https:\/\/eldiariodesanpedro.com.ar\/sitio\/un-camion-volco-cargado-de-troncos-tras-colisionar-con-una-camioneta-f100\/","title":{"rendered":"Un cami\u00f3n volc\u00f3 cargado de troncos tras colisionar con una camioneta F100"},"content":{"rendered":"<!-- VideographyWP Plugin Message: Automatic video embedding prevented by plugin options. -->\n\n<p>El personal policial a ra\u00edz de un llamado al 911 acude a ruta 9 km 160 en direcci\u00f3n Rosario Buenos Aires donde por causas que se tratan de establecer colisiona por arrastre cami\u00f3n marca Iveco 450 E33T, blanco, con Tractor con acoplado, perteneciente a la firma Transporte LTD S.A. (carga de troncos de madera) conducido por ciudadano de 37 a\u00f1os de edad, con parte trasera de camioneta Ford F-100, que se hallaba por carril lento, siendo su conductor masculino de 34 a\u00f1os de edad y como acompa\u00f1ante mujer de 32 a\u00f1os de edad, produci\u00e9ndose posterior vuelco de cami\u00f3n, quedando en sector de colectora.<\/p>\n\n\n\n<p>El transito normal en ambos carriles, los dos conductores y acompa\u00f1ante trasladados en ambulancia 107, a cargo Dra. Romina Jualler hacia nosocomio local, presentando ambos conductores lesiones de car\u00e1cter leve, salvo complicaciones.<\/p>\n\n\n\n<p>Conocimiento UFI N\u00b0 07, dispone Art. 60 CPP ambos conductores y extracci\u00f3n sangu\u00ednea.-<\/p>\n","protected":false},"excerpt":{"rendered":"<p>El personal policial a ra\u00edz de un llamado al 911 acude a ruta 9 km 160 en direcci\u00f3n Rosario Buenos Aires donde por causas que se tratan de establecer colisiona por arrastre cami\u00f3n marca Iveco 450 E33T, blanco, con Tractor con acoplado, perteneciente a la firma Transporte LTD S.A. (carga de troncos de madera) conducido [&hellip;]<\/p>\n","protected":false},"author":4,"featured_media":114149,"comment_status":"closed","ping_status":"closed","sticky":false,"template":"","format":"standard","meta":{"om_disable_all_campaigns":false,"_jetpack_memberships_contains_paid_content":false,"footnotes":""},"categories":[2,103],"tags":[197,33,95,19],"class_list":["post-114148","post","type-post","status-publish","format-standard","has-post-thumbnail","hentry","category-locales","category-policiales-locales","tag-buenos-aires","tag-locales","tag-policiales","tag-san-pedro"],"aioseo_notices":[],"gutentor_comment":0,"jetpack_featured_media_url":"https:\/\/eldiariodesanpedro.com.ar\/sitio\/wp-content\/uploads\/2023\/01\/medida7.jpg","jetpack_shortlink":"https:\/\/wp.me\/p6RhLt-tH6","jetpack_sharing_enabled":true,"_links":{"self":[{"href":"https:\/\/eldiariodesanpedro.com.ar\/sitio\/wp-json\/wp\/v2\/posts\/114148","targetHints":{"allow":["GET"]}}],"collection":[{"href":"https:\/\/eldiariodesanpedro.com.ar\/sitio\/wp-json\/wp\/v2\/posts"}],"about":[{"href":"https:\/\/eldiariodesanpedro.com.ar\/sitio\/wp-json\/wp\/v2\/types\/post"}],"author":[{"embeddable":true,"href":"https:\/\/eldiariodesanpedro.com.ar\/sitio\/wp-json\/wp\/v2\/users\/4"}],"replies":[{"embeddable":true,"href":"https:\/\/eldiariodesanpedro.com.ar\/sitio\/wp-json\/wp\/v2\/comments?post=114148"}],"version-history":[{"count":1,"href":"https:\/\/eldiariodesanpedro.com.ar\/sitio\/wp-json\/wp\/v2\/posts\/114148\/revisions"}],"predecessor-version":[{"id":114150,"href":"https:\/\/eldiariodesanpedro.com.ar\/sitio\/wp-json\/wp\/v2\/posts\/114148\/revisions\/114150"}],"wp:featuredmedia":[{"embeddable":true,"href":"https:\/\/eldiariodesanpedro.com.ar\/sitio\/wp-json\/wp\/v2\/media\/114149"}],"wp:attachment":[{"href":"https:\/\/eldiariodesanpedro.com.ar\/sitio\/wp-json\/wp\/v2\/media?parent=114148"}],"wp:term":[{"taxonomy":"category","embeddable":true,"href":"https:\/\/eldiariodesanpedro.com.ar\/sitio\/wp-json\/wp\/v2\/categories?post=114148"},{"taxonomy":"post_tag","embeddable":true,"href":"https:\/\/eldiariodesanpedro.com.ar\/sitio\/wp-json\/wp\/v2\/tags?post=114148"}],"curies":[{"name":"wp","href":"https:\/\/api.w.org\/{rel}","templated":true}]}}