{"id":114145,"date":"2023-01-16T15:02:21","date_gmt":"2023-01-16T18:02:21","guid":{"rendered":"https:\/\/eldiariodesanpedro.com.ar\/sitio\/?p=114145"},"modified":"2023-01-16T15:02:23","modified_gmt":"2023-01-16T18:02:23","slug":"un-hombre-aprehendido-por-golpear-a-su-pareja-ocasionandole-lesiones","status":"publish","type":"post","link":"https:\/\/eldiariodesanpedro.com.ar\/sitio\/un-hombre-aprehendido-por-golpear-a-su-pareja-ocasionandole-lesiones\/","title":{"rendered":"Un hombre aprehendido por golpear a su pareja ocasion\u00e1ndole lesiones"},"content":{"rendered":"<!-- VideographyWP Plugin Message: Automatic video embedding prevented by plugin options. -->\n\n<p>En horas de la madrugada de este lunes, el personal policial a ra\u00edz de un llamado a dependencia acude a Avenida Espa\u00f1a al 700, donde proceden a la aprehensi\u00f3n de masculino de 45 a\u00f1os de edad, quien instantes previos hab\u00eda amenazado y agredido f\u00edsicamente a su pareja, una mujer de 57 a\u00f1os de edad, ocasionando lesiones de car\u00e1cter leves.<\/p>\n","protected":false},"excerpt":{"rendered":"<p>En horas de la madrugada de este lunes, el personal policial a ra\u00edz de un llamado a dependencia acude a Avenida Espa\u00f1a al 700, donde proceden a la aprehensi\u00f3n de masculino de 45 a\u00f1os de edad, quien instantes previos hab\u00eda amenazado y agredido f\u00edsicamente a su pareja, una mujer de 57 a\u00f1os de edad, ocasionando [&hellip;]<\/p>\n","protected":false},"author":4,"featured_media":114146,"comment_status":"closed","ping_status":"closed","sticky":false,"template":"","format":"standard","meta":{"om_disable_all_campaigns":false,"_jetpack_memberships_contains_paid_content":false,"footnotes":""},"categories":[2,103],"tags":[197,33,95,19],"class_list":["post-114145","post","type-post","status-publish","format-standard","has-post-thumbnail","hentry","category-locales","category-policiales-locales","tag-buenos-aires","tag-locales","tag-policiales","tag-san-pedro"],"aioseo_notices":[],"gutentor_comment":0,"jetpack_featured_media_url":"https:\/\/eldiariodesanpedro.com.ar\/sitio\/wp-content\/uploads\/2023\/01\/medida6.jpg","jetpack_shortlink":"https:\/\/wp.me\/p6RhLt-tH3","jetpack_sharing_enabled":true,"_links":{"self":[{"href":"https:\/\/eldiariodesanpedro.com.ar\/sitio\/wp-json\/wp\/v2\/posts\/114145","targetHints":{"allow":["GET"]}}],"collection":[{"href":"https:\/\/eldiariodesanpedro.com.ar\/sitio\/wp-json\/wp\/v2\/posts"}],"about":[{"href":"https:\/\/eldiariodesanpedro.com.ar\/sitio\/wp-json\/wp\/v2\/types\/post"}],"author":[{"embeddable":true,"href":"https:\/\/eldiariodesanpedro.com.ar\/sitio\/wp-json\/wp\/v2\/users\/4"}],"replies":[{"embeddable":true,"href":"https:\/\/eldiariodesanpedro.com.ar\/sitio\/wp-json\/wp\/v2\/comments?post=114145"}],"version-history":[{"count":1,"href":"https:\/\/eldiariodesanpedro.com.ar\/sitio\/wp-json\/wp\/v2\/posts\/114145\/revisions"}],"predecessor-version":[{"id":114147,"href":"https:\/\/eldiariodesanpedro.com.ar\/sitio\/wp-json\/wp\/v2\/posts\/114145\/revisions\/114147"}],"wp:featuredmedia":[{"embeddable":true,"href":"https:\/\/eldiariodesanpedro.com.ar\/sitio\/wp-json\/wp\/v2\/media\/114146"}],"wp:attachment":[{"href":"https:\/\/eldiariodesanpedro.com.ar\/sitio\/wp-json\/wp\/v2\/media?parent=114145"}],"wp:term":[{"taxonomy":"category","embeddable":true,"href":"https:\/\/eldiariodesanpedro.com.ar\/sitio\/wp-json\/wp\/v2\/categories?post=114145"},{"taxonomy":"post_tag","embeddable":true,"href":"https:\/\/eldiariodesanpedro.com.ar\/sitio\/wp-json\/wp\/v2\/tags?post=114145"}],"curies":[{"name":"wp","href":"https:\/\/api.w.org\/{rel}","templated":true}]}}