{"id":114139,"date":"2023-01-16T13:24:58","date_gmt":"2023-01-16T16:24:58","guid":{"rendered":"https:\/\/eldiariodesanpedro.com.ar\/sitio\/?p=114139"},"modified":"2023-01-16T13:25:00","modified_gmt":"2023-01-16T16:25:00","slug":"dos-jovenes-aprehendidos-por-robar-una-bicicleta","status":"publish","type":"post","link":"https:\/\/eldiariodesanpedro.com.ar\/sitio\/dos-jovenes-aprehendidos-por-robar-una-bicicleta\/","title":{"rendered":"Dos j\u00f3venes aprehendidos por robar una bicicleta"},"content":{"rendered":"<!-- VideographyWP Plugin Message: Automatic video embedding prevented by plugin options. -->\n\n<p>En la tarde de ayer el personal de la comisar\u00eda local a ra\u00edz de un llamado al 911 acude a calle Padre Santana y M\u00e1ximo Mill\u00e1n, donde proceden a la aprehensi\u00f3n de dos masculinos uno de 21 a\u00f1os y el restante de 30, quienes instantes previos sustraen de calle San Martin al 400 una bicicleta, propiedad de una ciudadana de 52 a\u00f1os de edad.<\/p>\n","protected":false},"excerpt":{"rendered":"<p>En la tarde de ayer el personal de la comisar\u00eda local a ra\u00edz de un llamado al 911 acude a calle Padre Santana y M\u00e1ximo Mill\u00e1n, donde proceden a la aprehensi\u00f3n de dos masculinos uno de 21 a\u00f1os y el restante de 30, quienes instantes previos sustraen de calle San Martin al 400 una bicicleta, [&hellip;]<\/p>\n","protected":false},"author":4,"featured_media":114140,"comment_status":"closed","ping_status":"closed","sticky":false,"template":"","format":"standard","meta":{"om_disable_all_campaigns":false,"_jetpack_memberships_contains_paid_content":false,"footnotes":""},"categories":[2,103],"tags":[197,33,95,19],"class_list":["post-114139","post","type-post","status-publish","format-standard","has-post-thumbnail","hentry","category-locales","category-policiales-locales","tag-buenos-aires","tag-locales","tag-policiales","tag-san-pedro"],"aioseo_notices":[],"gutentor_comment":0,"jetpack_featured_media_url":"https:\/\/eldiariodesanpedro.com.ar\/sitio\/wp-content\/uploads\/2023\/01\/medida4.png","jetpack_shortlink":"https:\/\/wp.me\/p6RhLt-tGX","jetpack_sharing_enabled":true,"_links":{"self":[{"href":"https:\/\/eldiariodesanpedro.com.ar\/sitio\/wp-json\/wp\/v2\/posts\/114139","targetHints":{"allow":["GET"]}}],"collection":[{"href":"https:\/\/eldiariodesanpedro.com.ar\/sitio\/wp-json\/wp\/v2\/posts"}],"about":[{"href":"https:\/\/eldiariodesanpedro.com.ar\/sitio\/wp-json\/wp\/v2\/types\/post"}],"author":[{"embeddable":true,"href":"https:\/\/eldiariodesanpedro.com.ar\/sitio\/wp-json\/wp\/v2\/users\/4"}],"replies":[{"embeddable":true,"href":"https:\/\/eldiariodesanpedro.com.ar\/sitio\/wp-json\/wp\/v2\/comments?post=114139"}],"version-history":[{"count":1,"href":"https:\/\/eldiariodesanpedro.com.ar\/sitio\/wp-json\/wp\/v2\/posts\/114139\/revisions"}],"predecessor-version":[{"id":114141,"href":"https:\/\/eldiariodesanpedro.com.ar\/sitio\/wp-json\/wp\/v2\/posts\/114139\/revisions\/114141"}],"wp:featuredmedia":[{"embeddable":true,"href":"https:\/\/eldiariodesanpedro.com.ar\/sitio\/wp-json\/wp\/v2\/media\/114140"}],"wp:attachment":[{"href":"https:\/\/eldiariodesanpedro.com.ar\/sitio\/wp-json\/wp\/v2\/media?parent=114139"}],"wp:term":[{"taxonomy":"category","embeddable":true,"href":"https:\/\/eldiariodesanpedro.com.ar\/sitio\/wp-json\/wp\/v2\/categories?post=114139"},{"taxonomy":"post_tag","embeddable":true,"href":"https:\/\/eldiariodesanpedro.com.ar\/sitio\/wp-json\/wp\/v2\/tags?post=114139"}],"curies":[{"name":"wp","href":"https:\/\/api.w.org\/{rel}","templated":true}]}}