{"id":114128,"date":"2023-01-16T10:49:18","date_gmt":"2023-01-16T13:49:18","guid":{"rendered":"https:\/\/eldiariodesanpedro.com.ar\/sitio\/?p=114128"},"modified":"2023-01-16T13:08:07","modified_gmt":"2023-01-16T16:08:07","slug":"se-robaron-tres-camiones-que-se-encontraban-estacionados-en-la-estacion-de-servicios-puma","status":"publish","type":"post","link":"https:\/\/eldiariodesanpedro.com.ar\/sitio\/se-robaron-tres-camiones-que-se-encontraban-estacionados-en-la-estacion-de-servicios-puma\/","title":{"rendered":"Se robaron tres camiones que se encontraban estacionados en la estaci\u00f3n de servicios Puma"},"content":{"rendered":"<!-- VideographyWP Plugin Message: Automatic video embedding prevented by plugin options. -->\n\n<p>En la madrugada de este domingo delincuentes robaron tres camiones que se encontraban en el play\u00f3n de la estaci\u00f3n de servicio Puma ubicada en calle Crucero General Belgrano.<\/p>\n\n\n\n<p>El il\u00edcito fue cometido aproximadamente a las 04 hs de la madrugada y los transportes fueron detectados al salir de la ciudad.<\/p>\n\n\n\n<p>En principio los malhechores habr\u00edan llegado en un Peugeot 504 blanco, personal del GTO de&nbsp; la EPC, trabajan con datos aportados por el Centro de Monitoreo de la Secretar\u00eda de Seguridad y c\u00e1maras de peajes de la zona.<\/p>\n\n\n\n<p>Locamiones robaron son un Mercedes Benz blanco con la patente MZX-465 con batea de color azul y lona color azul con&nbsp; inscripci\u00f3n \u201cO.C. Herrajes de Montajes\u201d, de&nbsp; la empresa Caputo.<\/p>\n\n\n\n<p>Los otros dos camione ser\u00edan un Mercedes Benz blanco, patente GHW-564 y el otro cabina&nbsp; azul patente&nbsp; FOX-391, perteneciente a la familia Melgar.<\/p>\n\n\n\n<p>Se investiga a trav\u00e9s de c\u00e1maras de seguridad como fueron robados y hace donde fueron llevados. No solo la dependencia local sino tambi\u00e9n con la colaboraci\u00f3n de efectivos de las localidades vecinas.<\/p>\n\n\n\n<p>Los tres camiones se encontraban con los tanques de combustible llenos.<\/p>\n\n\n\n<iframe data-src=\"https:\/\/www.facebook.com\/plugins\/video.php?height=314&#038;href=https%3A%2F%2Fwww.facebook.com%2Feldiario.sanpedro.7%2Fvideos%2F1550175715446884%2F&#038;show_text=false&#038;width=560&#038;t=0\" width=\"560\" height=\"314\" style=\"border:none;overflow:hidden\" scrolling=\"no\" frameborder=\"0\" allowfullscreen=\"true\" allow=\"autoplay; clipboard-write; encrypted-media; picture-in-picture; web-share\" allowFullScreen=\"true\" src=\"data:image\/svg+xml;base64,PHN2ZyB3aWR0aD0iMSIgaGVpZ2h0PSIxIiB4bWxucz0iaHR0cDovL3d3dy53My5vcmcvMjAwMC9zdmciPjwvc3ZnPg==\" class=\"lazyload\" data-load-mode=\"1\"><\/iframe>\n\n\n\n<figure class=\"wp-block-image size-large\"><img decoding=\"async\" width=\"1024\" height=\"576\" data-attachment-id=\"114129\" data-permalink=\"https:\/\/eldiariodesanpedro.com.ar\/sitio\/se-robaron-tres-camiones-que-se-encontraban-estacionados-en-la-estacion-de-servicios-puma\/324412279_3412772255626737_3276863715815359612_n\/\" data-orig-file=\"https:\/\/eldiariodesanpedro.com.ar\/sitio\/wp-content\/uploads\/2023\/01\/324412279_3412772255626737_3276863715815359612_n.jpg\" data-orig-size=\"1120,630\" data-comments-opened=\"0\" data-image-meta=\"{&quot;aperture&quot;:&quot;0&quot;,&quot;credit&quot;:&quot;&quot;,&quot;camera&quot;:&quot;&quot;,&quot;caption&quot;:&quot;&quot;,&quot;created_timestamp&quot;:&quot;0&quot;,&quot;copyright&quot;:&quot;&quot;,&quot;focal_length&quot;:&quot;0&quot;,&quot;iso&quot;:&quot;0&quot;,&quot;shutter_speed&quot;:&quot;0&quot;,&quot;title&quot;:&quot;&quot;,&quot;orientation&quot;:&quot;0&quot;}\" data-image-title=\"324412279_3412772255626737_3276863715815359612_n\" data-image-description=\"\" data-image-caption=\"\" data-large-file=\"https:\/\/eldiariodesanpedro.com.ar\/sitio\/wp-content\/uploads\/2023\/01\/324412279_3412772255626737_3276863715815359612_n-1024x576.jpg\" data-src=\"https:\/\/eldiariodesanpedro.com.ar\/sitio\/wp-content\/uploads\/2023\/01\/324412279_3412772255626737_3276863715815359612_n-1024x576.jpg\" alt=\"\" class=\"wp-image-114129 lazyload\" data-srcset=\"https:\/\/eldiariodesanpedro.com.ar\/sitio\/wp-content\/uploads\/2023\/01\/324412279_3412772255626737_3276863715815359612_n-1024x576.jpg 1024w, https:\/\/eldiariodesanpedro.com.ar\/sitio\/wp-content\/uploads\/2023\/01\/324412279_3412772255626737_3276863715815359612_n-300x169.jpg 300w, https:\/\/eldiariodesanpedro.com.ar\/sitio\/wp-content\/uploads\/2023\/01\/324412279_3412772255626737_3276863715815359612_n-768x432.jpg 768w, https:\/\/eldiariodesanpedro.com.ar\/sitio\/wp-content\/uploads\/2023\/01\/324412279_3412772255626737_3276863715815359612_n.jpg 1120w\" data-sizes=\"(max-width: 1024px) 100vw, 1024px\" src=\"data:image\/svg+xml;base64,PHN2ZyB3aWR0aD0iMSIgaGVpZ2h0PSIxIiB4bWxucz0iaHR0cDovL3d3dy53My5vcmcvMjAwMC9zdmciPjwvc3ZnPg==\" style=\"--smush-placeholder-width: 1024px; --smush-placeholder-aspect-ratio: 1024\/576;\" \/><\/figure>\n\n\n\n<figure class=\"wp-block-image size-full\"><img decoding=\"async\" width=\"840\" height=\"630\" data-attachment-id=\"114130\" data-permalink=\"https:\/\/eldiariodesanpedro.com.ar\/sitio\/se-robaron-tres-camiones-que-se-encontraban-estacionados-en-la-estacion-de-servicios-puma\/324579922_5709371909179289_5293623571644695458_n\/\" data-orig-file=\"https:\/\/eldiariodesanpedro.com.ar\/sitio\/wp-content\/uploads\/2023\/01\/324579922_5709371909179289_5293623571644695458_n.jpg\" data-orig-size=\"840,630\" data-comments-opened=\"0\" data-image-meta=\"{&quot;aperture&quot;:&quot;0&quot;,&quot;credit&quot;:&quot;&quot;,&quot;camera&quot;:&quot;&quot;,&quot;caption&quot;:&quot;&quot;,&quot;created_timestamp&quot;:&quot;0&quot;,&quot;copyright&quot;:&quot;&quot;,&quot;focal_length&quot;:&quot;0&quot;,&quot;iso&quot;:&quot;0&quot;,&quot;shutter_speed&quot;:&quot;0&quot;,&quot;title&quot;:&quot;&quot;,&quot;orientation&quot;:&quot;0&quot;}\" data-image-title=\"324579922_5709371909179289_5293623571644695458_n\" data-image-description=\"\" data-image-caption=\"\" data-large-file=\"https:\/\/eldiariodesanpedro.com.ar\/sitio\/wp-content\/uploads\/2023\/01\/324579922_5709371909179289_5293623571644695458_n.jpg\" data-src=\"https:\/\/eldiariodesanpedro.com.ar\/sitio\/wp-content\/uploads\/2023\/01\/324579922_5709371909179289_5293623571644695458_n.jpg\" alt=\"\" class=\"wp-image-114130 lazyload\" data-srcset=\"https:\/\/eldiariodesanpedro.com.ar\/sitio\/wp-content\/uploads\/2023\/01\/324579922_5709371909179289_5293623571644695458_n.jpg 840w, https:\/\/eldiariodesanpedro.com.ar\/sitio\/wp-content\/uploads\/2023\/01\/324579922_5709371909179289_5293623571644695458_n-300x225.jpg 300w, https:\/\/eldiariodesanpedro.com.ar\/sitio\/wp-content\/uploads\/2023\/01\/324579922_5709371909179289_5293623571644695458_n-768x576.jpg 768w, https:\/\/eldiariodesanpedro.com.ar\/sitio\/wp-content\/uploads\/2023\/01\/324579922_5709371909179289_5293623571644695458_n-272x204.jpg 272w\" data-sizes=\"(max-width: 840px) 100vw, 840px\" src=\"data:image\/svg+xml;base64,PHN2ZyB3aWR0aD0iMSIgaGVpZ2h0PSIxIiB4bWxucz0iaHR0cDovL3d3dy53My5vcmcvMjAwMC9zdmciPjwvc3ZnPg==\" style=\"--smush-placeholder-width: 840px; --smush-placeholder-aspect-ratio: 840\/630;\" \/><\/figure>\n","protected":false},"excerpt":{"rendered":"<p>En la madrugada de este domingo delincuentes robaron tres camiones que se encontraban en el play\u00f3n de la estaci\u00f3n de servicio Puma ubicada en calle Crucero General Belgrano. El il\u00edcito fue cometido aproximadamente a las 04 hs de la madrugada y los transportes fueron detectados al salir de la ciudad. En principio los malhechores habr\u00edan [&hellip;]<\/p>\n","protected":false},"author":4,"featured_media":114131,"comment_status":"closed","ping_status":"closed","sticky":false,"template":"","format":"standard","meta":{"om_disable_all_campaigns":false,"_jetpack_memberships_contains_paid_content":false,"footnotes":""},"categories":[50,2,103],"tags":[197,696,33,19],"class_list":["post-114128","post","type-post","status-publish","format-standard","has-post-thumbnail","hentry","category-destacadas","category-locales","category-policiales-locales","tag-buenos-aires","tag-interes-general","tag-locales","tag-san-pedro"],"aioseo_notices":[],"gutentor_comment":0,"jetpack_featured_media_url":"https:\/\/eldiariodesanpedro.com.ar\/sitio\/wp-content\/uploads\/2023\/01\/324737355_840579570363897_4267499737193008589_n.jpg","jetpack_shortlink":"https:\/\/wp.me\/p6RhLt-tGM","jetpack_sharing_enabled":true,"_links":{"self":[{"href":"https:\/\/eldiariodesanpedro.com.ar\/sitio\/wp-json\/wp\/v2\/posts\/114128","targetHints":{"allow":["GET"]}}],"collection":[{"href":"https:\/\/eldiariodesanpedro.com.ar\/sitio\/wp-json\/wp\/v2\/posts"}],"about":[{"href":"https:\/\/eldiariodesanpedro.com.ar\/sitio\/wp-json\/wp\/v2\/types\/post"}],"author":[{"embeddable":true,"href":"https:\/\/eldiariodesanpedro.com.ar\/sitio\/wp-json\/wp\/v2\/users\/4"}],"replies":[{"embeddable":true,"href":"https:\/\/eldiariodesanpedro.com.ar\/sitio\/wp-json\/wp\/v2\/comments?post=114128"}],"version-history":[{"count":2,"href":"https:\/\/eldiariodesanpedro.com.ar\/sitio\/wp-json\/wp\/v2\/posts\/114128\/revisions"}],"predecessor-version":[{"id":114133,"href":"https:\/\/eldiariodesanpedro.com.ar\/sitio\/wp-json\/wp\/v2\/posts\/114128\/revisions\/114133"}],"wp:featuredmedia":[{"embeddable":true,"href":"https:\/\/eldiariodesanpedro.com.ar\/sitio\/wp-json\/wp\/v2\/media\/114131"}],"wp:attachment":[{"href":"https:\/\/eldiariodesanpedro.com.ar\/sitio\/wp-json\/wp\/v2\/media?parent=114128"}],"wp:term":[{"taxonomy":"category","embeddable":true,"href":"https:\/\/eldiariodesanpedro.com.ar\/sitio\/wp-json\/wp\/v2\/categories?post=114128"},{"taxonomy":"post_tag","embeddable":true,"href":"https:\/\/eldiariodesanpedro.com.ar\/sitio\/wp-json\/wp\/v2\/tags?post=114128"}],"curies":[{"name":"wp","href":"https:\/\/api.w.org\/{rel}","templated":true}]}}