{"id":114125,"date":"2023-01-16T10:35:07","date_gmt":"2023-01-16T13:35:07","guid":{"rendered":"https:\/\/eldiariodesanpedro.com.ar\/sitio\/?p=114125"},"modified":"2023-01-16T13:08:44","modified_gmt":"2023-01-16T16:08:44","slug":"ruta-8-un-vecino-sampedrino-perdio-la-vida-en-un-accidente-de-transito","status":"publish","type":"post","link":"https:\/\/eldiariodesanpedro.com.ar\/sitio\/ruta-8-un-vecino-sampedrino-perdio-la-vida-en-un-accidente-de-transito\/","title":{"rendered":"Ruta 8: Un vecino sampedrino perdi\u00f3 la vida en un accidente de tr\u00e1nsito"},"content":{"rendered":"<!-- VideographyWP Plugin Message: Automatic video embedding prevented by plugin options. -->\n\n<p>Se trata de F\u00e9lix Chichizola, de 43 a\u00f1os, qui\u00e9n viajaba junto a su esposa y los dos hijos menores. Colisionaron de frente contra otro auto a la altura de la localidad de Hughes, Santa F\u00e9.<\/p>\n\n\n\n<p>Una familia sampedrina protagoniz\u00f3 un tr\u00e1gico accidente vial cuando transitaban por el kil\u00f3metro 314 de la Ruta Nacional 8 a la altura de la localidad de Hughes, en el departamento de General L\u00f3pez, en la provincia de Santa F\u00e9.<\/p>\n\n\n\n<p>El accidente se produjo el viernes cerca de las 19.30 horas cuando los sampedrinos, que se movilizaban en un auto Renault 19, chocaron de frente con otro rodado Citroen C4 en el que tambi\u00e9n viajaban 5 personas.<\/p>\n\n\n\n<p>C\u00f3mo producto del violento impacto, el sampedrino F\u00e9lix Chichizola, de 43 a\u00f1os, falleci\u00f3 en el acto, mientras que su esposa y los dos hijos de 3 y 14 a\u00f1os resultaron heridos.<\/p>\n\n\n\n<p>Estas tres personas fueron rescatadas y trasladadas al hospital de Hughes pero en el caso de los menores, debido a las heridas que presentaban fueron trasladados de urgencia al hospital Guti\u00e9rrez de Venado Tuerto.<\/p>\n\n\n\n<p>En el veh\u00edculo Citroen se trasladaban dos mayores y tres menores que tambi\u00e9n fueron hospitalizado.<\/p>\n\n\n\n<p>Seg\u00fan se supo la familia sampedrina viv\u00eda actualmente en Venado Tuerto pero ven\u00eda muy seguido a nuestra ciudad y en el caso de Chichizola formaba parte del plantel de f\u00fatbol senior del club Huincalo qui\u00e9n lo despidi\u00f3 con un sentido mensaje en las redes sociales.<\/p>\n","protected":false},"excerpt":{"rendered":"<p>Se trata de F\u00e9lix Chichizola, de 43 a\u00f1os, qui\u00e9n viajaba junto a su esposa y los dos hijos menores. Colisionaron de frente contra otro auto a la altura de la localidad de Hughes, Santa F\u00e9. Una familia sampedrina protagoniz\u00f3 un tr\u00e1gico accidente vial cuando transitaban por el kil\u00f3metro 314 de la Ruta Nacional 8 a [&hellip;]<\/p>\n","protected":false},"author":4,"featured_media":114126,"comment_status":"closed","ping_status":"closed","sticky":false,"template":"","format":"standard","meta":{"om_disable_all_campaigns":false,"_jetpack_memberships_contains_paid_content":false,"footnotes":""},"categories":[50,2,103],"tags":[197,696,33,19],"class_list":["post-114125","post","type-post","status-publish","format-standard","has-post-thumbnail","hentry","category-destacadas","category-locales","category-policiales-locales","tag-buenos-aires","tag-interes-general","tag-locales","tag-san-pedro"],"aioseo_notices":[],"gutentor_comment":0,"jetpack_featured_media_url":"https:\/\/eldiariodesanpedro.com.ar\/sitio\/wp-content\/uploads\/2023\/01\/0000021547-resized-1920x1080-1.jpg","jetpack_shortlink":"https:\/\/wp.me\/p6RhLt-tGJ","jetpack_sharing_enabled":true,"_links":{"self":[{"href":"https:\/\/eldiariodesanpedro.com.ar\/sitio\/wp-json\/wp\/v2\/posts\/114125","targetHints":{"allow":["GET"]}}],"collection":[{"href":"https:\/\/eldiariodesanpedro.com.ar\/sitio\/wp-json\/wp\/v2\/posts"}],"about":[{"href":"https:\/\/eldiariodesanpedro.com.ar\/sitio\/wp-json\/wp\/v2\/types\/post"}],"author":[{"embeddable":true,"href":"https:\/\/eldiariodesanpedro.com.ar\/sitio\/wp-json\/wp\/v2\/users\/4"}],"replies":[{"embeddable":true,"href":"https:\/\/eldiariodesanpedro.com.ar\/sitio\/wp-json\/wp\/v2\/comments?post=114125"}],"version-history":[{"count":1,"href":"https:\/\/eldiariodesanpedro.com.ar\/sitio\/wp-json\/wp\/v2\/posts\/114125\/revisions"}],"predecessor-version":[{"id":114127,"href":"https:\/\/eldiariodesanpedro.com.ar\/sitio\/wp-json\/wp\/v2\/posts\/114125\/revisions\/114127"}],"wp:featuredmedia":[{"embeddable":true,"href":"https:\/\/eldiariodesanpedro.com.ar\/sitio\/wp-json\/wp\/v2\/media\/114126"}],"wp:attachment":[{"href":"https:\/\/eldiariodesanpedro.com.ar\/sitio\/wp-json\/wp\/v2\/media?parent=114125"}],"wp:term":[{"taxonomy":"category","embeddable":true,"href":"https:\/\/eldiariodesanpedro.com.ar\/sitio\/wp-json\/wp\/v2\/categories?post=114125"},{"taxonomy":"post_tag","embeddable":true,"href":"https:\/\/eldiariodesanpedro.com.ar\/sitio\/wp-json\/wp\/v2\/tags?post=114125"}],"curies":[{"name":"wp","href":"https:\/\/api.w.org\/{rel}","templated":true}]}}