{"id":114122,"date":"2023-01-16T10:28:36","date_gmt":"2023-01-16T13:28:36","guid":{"rendered":"https:\/\/eldiariodesanpedro.com.ar\/sitio\/?p=114122"},"modified":"2023-01-16T13:08:57","modified_gmt":"2023-01-16T16:08:57","slug":"vecinos-de-bajo-puerto-y-bajo-cementerio-crearon-la-comision-de-fomento-vecinos-unidos","status":"publish","type":"post","link":"https:\/\/eldiariodesanpedro.com.ar\/sitio\/vecinos-de-bajo-puerto-y-bajo-cementerio-crearon-la-comision-de-fomento-vecinos-unidos\/","title":{"rendered":"Vecinos de Bajo Puerto y Bajo Cementerio crearon la Comisi\u00f3n de Fomento \u00abVecinos Unidos\u00bb"},"content":{"rendered":"<!-- VideographyWP Plugin Message: Automatic video embedding prevented by plugin options. -->\n\n<p>Desde la Direcci\u00f3n de Comisiones de Fomento se sigue trabajando para respaldar a los grupos que vienen funcionando desde hace tiempo y para estimular a aquellos barrios que discontinuaron o no conformaron a\u00fan su Comisi\u00f3n de Fomento, a que lo hagan.<\/p>\n\n\n\n<p>La semana pasada se cre\u00f3 la Comisi\u00f3n de Fomento de Barrios Unidos, denominada as\u00ed por los vecinos representantes de los barrios de Bajo Cementerio y Bajo Puerto, presidida por Karina Cariaga.<\/p>\n\n\n\n<p>Con la participaci\u00f3n de la titular del \u00e1rea y en permanente contacto con los funcionarios de todas las \u00e1reas, este nuevo grupo acerc\u00f3 propuestas e inquietudes puntuales, sobre las que se ir\u00e1n realizando avances progresivamente en beneficio de sus barrios y sus familias.<\/p>\n","protected":false},"excerpt":{"rendered":"<p>Desde la Direcci\u00f3n de Comisiones de Fomento se sigue trabajando para respaldar a los grupos que vienen funcionando desde hace tiempo y para estimular a aquellos barrios que discontinuaron o no conformaron a\u00fan su Comisi\u00f3n de Fomento, a que lo hagan. La semana pasada se cre\u00f3 la Comisi\u00f3n de Fomento de Barrios Unidos, denominada as\u00ed [&hellip;]<\/p>\n","protected":false},"author":4,"featured_media":114123,"comment_status":"closed","ping_status":"closed","sticky":false,"template":"","format":"standard","meta":{"om_disable_all_campaigns":false,"_jetpack_memberships_contains_paid_content":false,"footnotes":""},"categories":[101,2],"tags":[197,696,33,19],"class_list":["post-114122","post","type-post","status-publish","format-standard","has-post-thumbnail","hentry","category-interes-general-locales","category-locales","tag-buenos-aires","tag-interes-general","tag-locales","tag-san-pedro"],"aioseo_notices":[],"gutentor_comment":0,"jetpack_featured_media_url":"https:\/\/eldiariodesanpedro.com.ar\/sitio\/wp-content\/uploads\/2023\/01\/WhatsApp-Image-2023-01-16-at-08.55.32.jpeg","jetpack_shortlink":"https:\/\/wp.me\/p6RhLt-tGG","jetpack_sharing_enabled":true,"_links":{"self":[{"href":"https:\/\/eldiariodesanpedro.com.ar\/sitio\/wp-json\/wp\/v2\/posts\/114122","targetHints":{"allow":["GET"]}}],"collection":[{"href":"https:\/\/eldiariodesanpedro.com.ar\/sitio\/wp-json\/wp\/v2\/posts"}],"about":[{"href":"https:\/\/eldiariodesanpedro.com.ar\/sitio\/wp-json\/wp\/v2\/types\/post"}],"author":[{"embeddable":true,"href":"https:\/\/eldiariodesanpedro.com.ar\/sitio\/wp-json\/wp\/v2\/users\/4"}],"replies":[{"embeddable":true,"href":"https:\/\/eldiariodesanpedro.com.ar\/sitio\/wp-json\/wp\/v2\/comments?post=114122"}],"version-history":[{"count":1,"href":"https:\/\/eldiariodesanpedro.com.ar\/sitio\/wp-json\/wp\/v2\/posts\/114122\/revisions"}],"predecessor-version":[{"id":114124,"href":"https:\/\/eldiariodesanpedro.com.ar\/sitio\/wp-json\/wp\/v2\/posts\/114122\/revisions\/114124"}],"wp:featuredmedia":[{"embeddable":true,"href":"https:\/\/eldiariodesanpedro.com.ar\/sitio\/wp-json\/wp\/v2\/media\/114123"}],"wp:attachment":[{"href":"https:\/\/eldiariodesanpedro.com.ar\/sitio\/wp-json\/wp\/v2\/media?parent=114122"}],"wp:term":[{"taxonomy":"category","embeddable":true,"href":"https:\/\/eldiariodesanpedro.com.ar\/sitio\/wp-json\/wp\/v2\/categories?post=114122"},{"taxonomy":"post_tag","embeddable":true,"href":"https:\/\/eldiariodesanpedro.com.ar\/sitio\/wp-json\/wp\/v2\/tags?post=114122"}],"curies":[{"name":"wp","href":"https:\/\/api.w.org\/{rel}","templated":true}]}}