{"id":114117,"date":"2023-01-16T10:24:55","date_gmt":"2023-01-16T13:24:55","guid":{"rendered":"https:\/\/eldiariodesanpedro.com.ar\/sitio\/?p=114117"},"modified":"2023-01-16T13:09:05","modified_gmt":"2023-01-16T16:09:05","slug":"seleccion-de-los-mejores-duraznos-de-la-temporada-para-la-fiesta-del-durazno-y-la-produccion-2023","status":"publish","type":"post","link":"https:\/\/eldiariodesanpedro.com.ar\/sitio\/seleccion-de-los-mejores-duraznos-de-la-temporada-para-la-fiesta-del-durazno-y-la-produccion-2023\/","title":{"rendered":"Selecci\u00f3n de los mejores duraznos de la temporada para la Fiesta del Durazno y la Producci\u00f3n 2023"},"content":{"rendered":"<!-- VideographyWP Plugin Message: Automatic video embedding prevented by plugin options. -->\n\n<p>Este s\u00e1bado se llev\u00f3 a cabo la primera evaluaci\u00f3n de la elecci\u00f3n al mejor durazno de la edici\u00f3n 2023 por parte del jurado que integran Juli\u00e1n Chirino, Sof\u00eda Arri Gonzalo y Gabriel Valentini, tres ingenieros agr\u00f3nomos de INTA, quienes luego de inspeccionar y evaluar las 17 muestras que se presentaron este a\u00f1o, seleccionaron las que coincidieron entre los criterios evaluativos para una segunda etapa.<\/p>\n\n\n\n<p>Entre los criterios en consideraci\u00f3n se apreciaron, el estado sanitario, los defectos de forma, la presencia de golpes o lastimaduras, la homogeneidad del tama\u00f1o, el grado de madurez, su aroma y sabor.<\/p>\n\n\n\n<p>Tras una segunda evaluaci\u00f3n en la que se puntualiz\u00f3 sobre los criterios de aquellas muestras que resultaron seleccionadas y luego de varias consideraciones, quedaron definidas las tres muestras que obtendr\u00e1n los primeros puestos para competir por el mejor durazno, y las dos menciones especiales que se dar\u00e1n a conocer esta noche durante el desarrollo de la \u00faltima jornada de la 23\u00ba Fiesta Provincial del Durazno y la Producci\u00f3n en el campo de deportes de Agricultores de Gobernador Castro.<\/p>\n\n\n\n<figure class=\"wp-block-image size-full\"><img decoding=\"async\" width=\"840\" height=\"630\" data-attachment-id=\"114119\" data-permalink=\"https:\/\/eldiariodesanpedro.com.ar\/sitio\/seleccion-de-los-mejores-duraznos-de-la-temporada-para-la-fiesta-del-durazno-y-la-produccion-2023\/whatsapp-image-2023-01-15-at-11-52-13\/\" data-orig-file=\"https:\/\/eldiariodesanpedro.com.ar\/sitio\/wp-content\/uploads\/2023\/01\/WhatsApp-Image-2023-01-15-at-11.52.13.jpeg\" data-orig-size=\"840,630\" data-comments-opened=\"0\" data-image-meta=\"{&quot;aperture&quot;:&quot;0&quot;,&quot;credit&quot;:&quot;&quot;,&quot;camera&quot;:&quot;&quot;,&quot;caption&quot;:&quot;&quot;,&quot;created_timestamp&quot;:&quot;0&quot;,&quot;copyright&quot;:&quot;&quot;,&quot;focal_length&quot;:&quot;0&quot;,&quot;iso&quot;:&quot;0&quot;,&quot;shutter_speed&quot;:&quot;0&quot;,&quot;title&quot;:&quot;&quot;,&quot;orientation&quot;:&quot;0&quot;}\" data-image-title=\"WhatsApp Image 2023-01-15 at 11.52.13\" data-image-description=\"\" data-image-caption=\"\" data-large-file=\"https:\/\/eldiariodesanpedro.com.ar\/sitio\/wp-content\/uploads\/2023\/01\/WhatsApp-Image-2023-01-15-at-11.52.13.jpeg\" data-src=\"https:\/\/eldiariodesanpedro.com.ar\/sitio\/wp-content\/uploads\/2023\/01\/WhatsApp-Image-2023-01-15-at-11.52.13.jpeg\" alt=\"\" class=\"wp-image-114119 lazyload\" data-srcset=\"https:\/\/eldiariodesanpedro.com.ar\/sitio\/wp-content\/uploads\/2023\/01\/WhatsApp-Image-2023-01-15-at-11.52.13.jpeg 840w, https:\/\/eldiariodesanpedro.com.ar\/sitio\/wp-content\/uploads\/2023\/01\/WhatsApp-Image-2023-01-15-at-11.52.13-300x225.jpeg 300w, https:\/\/eldiariodesanpedro.com.ar\/sitio\/wp-content\/uploads\/2023\/01\/WhatsApp-Image-2023-01-15-at-11.52.13-768x576.jpeg 768w, https:\/\/eldiariodesanpedro.com.ar\/sitio\/wp-content\/uploads\/2023\/01\/WhatsApp-Image-2023-01-15-at-11.52.13-272x204.jpeg 272w\" data-sizes=\"(max-width: 840px) 100vw, 840px\" src=\"data:image\/svg+xml;base64,PHN2ZyB3aWR0aD0iMSIgaGVpZ2h0PSIxIiB4bWxucz0iaHR0cDovL3d3dy53My5vcmcvMjAwMC9zdmciPjwvc3ZnPg==\" style=\"--smush-placeholder-width: 840px; --smush-placeholder-aspect-ratio: 840\/630;\" \/><\/figure>\n\n\n\n<figure class=\"wp-block-image size-full\"><img decoding=\"async\" width=\"473\" height=\"630\" data-attachment-id=\"114120\" data-permalink=\"https:\/\/eldiariodesanpedro.com.ar\/sitio\/seleccion-de-los-mejores-duraznos-de-la-temporada-para-la-fiesta-del-durazno-y-la-produccion-2023\/whatsapp-image-2023-01-15-at-11-52-15\/\" data-orig-file=\"https:\/\/eldiariodesanpedro.com.ar\/sitio\/wp-content\/uploads\/2023\/01\/WhatsApp-Image-2023-01-15-at-11.52.15.jpeg\" data-orig-size=\"473,630\" data-comments-opened=\"0\" data-image-meta=\"{&quot;aperture&quot;:&quot;0&quot;,&quot;credit&quot;:&quot;&quot;,&quot;camera&quot;:&quot;&quot;,&quot;caption&quot;:&quot;&quot;,&quot;created_timestamp&quot;:&quot;0&quot;,&quot;copyright&quot;:&quot;&quot;,&quot;focal_length&quot;:&quot;0&quot;,&quot;iso&quot;:&quot;0&quot;,&quot;shutter_speed&quot;:&quot;0&quot;,&quot;title&quot;:&quot;&quot;,&quot;orientation&quot;:&quot;0&quot;}\" data-image-title=\"WhatsApp Image 2023-01-15 at 11.52.15\" data-image-description=\"\" data-image-caption=\"\" data-large-file=\"https:\/\/eldiariodesanpedro.com.ar\/sitio\/wp-content\/uploads\/2023\/01\/WhatsApp-Image-2023-01-15-at-11.52.15.jpeg\" data-src=\"https:\/\/eldiariodesanpedro.com.ar\/sitio\/wp-content\/uploads\/2023\/01\/WhatsApp-Image-2023-01-15-at-11.52.15.jpeg\" alt=\"\" class=\"wp-image-114120 lazyload\" data-srcset=\"https:\/\/eldiariodesanpedro.com.ar\/sitio\/wp-content\/uploads\/2023\/01\/WhatsApp-Image-2023-01-15-at-11.52.15.jpeg 473w, https:\/\/eldiariodesanpedro.com.ar\/sitio\/wp-content\/uploads\/2023\/01\/WhatsApp-Image-2023-01-15-at-11.52.15-225x300.jpeg 225w\" data-sizes=\"(max-width: 473px) 100vw, 473px\" src=\"data:image\/svg+xml;base64,PHN2ZyB3aWR0aD0iMSIgaGVpZ2h0PSIxIiB4bWxucz0iaHR0cDovL3d3dy53My5vcmcvMjAwMC9zdmciPjwvc3ZnPg==\" style=\"--smush-placeholder-width: 473px; --smush-placeholder-aspect-ratio: 473\/630;\" \/><\/figure>\n","protected":false},"excerpt":{"rendered":"<p>Este s\u00e1bado se llev\u00f3 a cabo la primera evaluaci\u00f3n de la elecci\u00f3n al mejor durazno de la edici\u00f3n 2023 por parte del jurado que integran Juli\u00e1n Chirino, Sof\u00eda Arri Gonzalo y Gabriel Valentini, tres ingenieros agr\u00f3nomos de INTA, quienes luego de inspeccionar y evaluar las 17 muestras que se presentaron este a\u00f1o, seleccionaron las que [&hellip;]<\/p>\n","protected":false},"author":4,"featured_media":114118,"comment_status":"closed","ping_status":"closed","sticky":false,"template":"","format":"standard","meta":{"om_disable_all_campaigns":false,"_jetpack_memberships_contains_paid_content":false,"footnotes":""},"categories":[101,2],"tags":[197,696,33,19],"class_list":["post-114117","post","type-post","status-publish","format-standard","has-post-thumbnail","hentry","category-interes-general-locales","category-locales","tag-buenos-aires","tag-interes-general","tag-locales","tag-san-pedro"],"aioseo_notices":[],"gutentor_comment":0,"jetpack_featured_media_url":"https:\/\/eldiariodesanpedro.com.ar\/sitio\/wp-content\/uploads\/2023\/01\/WhatsApp-Image-2023-01-15-at-11.52.09.jpeg","jetpack_shortlink":"https:\/\/wp.me\/p6RhLt-tGB","jetpack_sharing_enabled":true,"_links":{"self":[{"href":"https:\/\/eldiariodesanpedro.com.ar\/sitio\/wp-json\/wp\/v2\/posts\/114117","targetHints":{"allow":["GET"]}}],"collection":[{"href":"https:\/\/eldiariodesanpedro.com.ar\/sitio\/wp-json\/wp\/v2\/posts"}],"about":[{"href":"https:\/\/eldiariodesanpedro.com.ar\/sitio\/wp-json\/wp\/v2\/types\/post"}],"author":[{"embeddable":true,"href":"https:\/\/eldiariodesanpedro.com.ar\/sitio\/wp-json\/wp\/v2\/users\/4"}],"replies":[{"embeddable":true,"href":"https:\/\/eldiariodesanpedro.com.ar\/sitio\/wp-json\/wp\/v2\/comments?post=114117"}],"version-history":[{"count":1,"href":"https:\/\/eldiariodesanpedro.com.ar\/sitio\/wp-json\/wp\/v2\/posts\/114117\/revisions"}],"predecessor-version":[{"id":114121,"href":"https:\/\/eldiariodesanpedro.com.ar\/sitio\/wp-json\/wp\/v2\/posts\/114117\/revisions\/114121"}],"wp:featuredmedia":[{"embeddable":true,"href":"https:\/\/eldiariodesanpedro.com.ar\/sitio\/wp-json\/wp\/v2\/media\/114118"}],"wp:attachment":[{"href":"https:\/\/eldiariodesanpedro.com.ar\/sitio\/wp-json\/wp\/v2\/media?parent=114117"}],"wp:term":[{"taxonomy":"category","embeddable":true,"href":"https:\/\/eldiariodesanpedro.com.ar\/sitio\/wp-json\/wp\/v2\/categories?post=114117"},{"taxonomy":"post_tag","embeddable":true,"href":"https:\/\/eldiariodesanpedro.com.ar\/sitio\/wp-json\/wp\/v2\/tags?post=114117"}],"curies":[{"name":"wp","href":"https:\/\/api.w.org\/{rel}","templated":true}]}}