{"id":114105,"date":"2023-01-13T11:07:28","date_gmt":"2023-01-13T14:07:28","guid":{"rendered":"https:\/\/eldiariodesanpedro.com.ar\/sitio\/?p=114105"},"modified":"2023-01-13T11:07:30","modified_gmt":"2023-01-13T14:07:30","slug":"tres-aprehendidos-por-robar-bines-de-frutas","status":"publish","type":"post","link":"https:\/\/eldiariodesanpedro.com.ar\/sitio\/tres-aprehendidos-por-robar-bines-de-frutas\/","title":{"rendered":"Tres aprehendidos por robar bines de frutas"},"content":{"rendered":"<!-- VideographyWP Plugin Message: Automatic video embedding prevented by plugin options. -->\n\n<p>En la jornada de ayer el personal policial de la comisar\u00eda local procedi\u00f3 a la aprehensi\u00f3n de tres ciudadanos de 28, 37 y 45 a\u00f1os de edad, quienes intentaban sustraer bines de fruta vac\u00edos en predio ubicado en calle R\u00f3mulo Naon entre Frers y Caseros, los cuales se hallaban al cuidado de un masculino de 34 a\u00f1os de edad.<\/p>\n","protected":false},"excerpt":{"rendered":"<p>En la jornada de ayer el personal policial de la comisar\u00eda local procedi\u00f3 a la aprehensi\u00f3n de tres ciudadanos de 28, 37 y 45 a\u00f1os de edad, quienes intentaban sustraer bines de fruta vac\u00edos en predio ubicado en calle R\u00f3mulo Naon entre Frers y Caseros, los cuales se hallaban al cuidado de un masculino de [&hellip;]<\/p>\n","protected":false},"author":4,"featured_media":114106,"comment_status":"closed","ping_status":"closed","sticky":false,"template":"","format":"standard","meta":{"om_disable_all_campaigns":false,"_jetpack_memberships_contains_paid_content":false,"footnotes":""},"categories":[2],"tags":[197,696,19],"class_list":["post-114105","post","type-post","status-publish","format-standard","has-post-thumbnail","hentry","category-locales","tag-buenos-aires","tag-interes-general","tag-san-pedro"],"aioseo_notices":[],"gutentor_comment":0,"jetpack_featured_media_url":"https:\/\/eldiariodesanpedro.com.ar\/sitio\/wp-content\/uploads\/2023\/01\/medida-2-16.jpg","jetpack_shortlink":"https:\/\/wp.me\/p6RhLt-tGp","jetpack_sharing_enabled":true,"_links":{"self":[{"href":"https:\/\/eldiariodesanpedro.com.ar\/sitio\/wp-json\/wp\/v2\/posts\/114105","targetHints":{"allow":["GET"]}}],"collection":[{"href":"https:\/\/eldiariodesanpedro.com.ar\/sitio\/wp-json\/wp\/v2\/posts"}],"about":[{"href":"https:\/\/eldiariodesanpedro.com.ar\/sitio\/wp-json\/wp\/v2\/types\/post"}],"author":[{"embeddable":true,"href":"https:\/\/eldiariodesanpedro.com.ar\/sitio\/wp-json\/wp\/v2\/users\/4"}],"replies":[{"embeddable":true,"href":"https:\/\/eldiariodesanpedro.com.ar\/sitio\/wp-json\/wp\/v2\/comments?post=114105"}],"version-history":[{"count":1,"href":"https:\/\/eldiariodesanpedro.com.ar\/sitio\/wp-json\/wp\/v2\/posts\/114105\/revisions"}],"predecessor-version":[{"id":114107,"href":"https:\/\/eldiariodesanpedro.com.ar\/sitio\/wp-json\/wp\/v2\/posts\/114105\/revisions\/114107"}],"wp:featuredmedia":[{"embeddable":true,"href":"https:\/\/eldiariodesanpedro.com.ar\/sitio\/wp-json\/wp\/v2\/media\/114106"}],"wp:attachment":[{"href":"https:\/\/eldiariodesanpedro.com.ar\/sitio\/wp-json\/wp\/v2\/media?parent=114105"}],"wp:term":[{"taxonomy":"category","embeddable":true,"href":"https:\/\/eldiariodesanpedro.com.ar\/sitio\/wp-json\/wp\/v2\/categories?post=114105"},{"taxonomy":"post_tag","embeddable":true,"href":"https:\/\/eldiariodesanpedro.com.ar\/sitio\/wp-json\/wp\/v2\/tags?post=114105"}],"curies":[{"name":"wp","href":"https:\/\/api.w.org\/{rel}","templated":true}]}}