{"id":114102,"date":"2023-01-13T10:52:56","date_gmt":"2023-01-13T13:52:56","guid":{"rendered":"https:\/\/eldiariodesanpedro.com.ar\/sitio\/?p=114102"},"modified":"2023-01-13T10:52:58","modified_gmt":"2023-01-13T13:52:58","slug":"por-inconvenientes-con-los-internos-trasladaron-de-pabellon-a-maximiliano-cabaleyro","status":"publish","type":"post","link":"https:\/\/eldiariodesanpedro.com.ar\/sitio\/por-inconvenientes-con-los-internos-trasladaron-de-pabellon-a-maximiliano-cabaleyro\/","title":{"rendered":"Por inconvenientes con los internos trasladaron de pabell\u00f3n a Maximiliano Cabaleyro"},"content":{"rendered":"<!-- VideographyWP Plugin Message: Automatic video embedding prevented by plugin options. -->\n\n<p>El dirigente sindical se encuentra detenido en el Penal de San Nicol\u00e1s y cada vez le resulta m\u00e1s dif\u00edcil la convivencia con los dem\u00e1s presos.<\/p>\n\n\n\n<p>Pasan los d\u00edas y la permanencia de Maximiliano Cabaleyro en la Unidad Penal 3 de San Nicol\u00e1s se hace cada vez m\u00e1s dif\u00edcil.<\/p>\n\n\n\n<p>El dirigente del sindicato de Camioneros permanece detenido all\u00ed desde hace varios meses luego de que fuera denunciado por los representantes de la firma Rey distribuci\u00f3n de nuestra ciudad por presuntos actos de aprietes y extorsi\u00f3n que fueron avalados por la justicia que actu\u00f3 con contundencia y mand\u00f3 a la c\u00e1rcel a los m\u00e1ximos responsables del gremio en la regi\u00f3n, ya que adem\u00e1s de Cabaleyro tambi\u00e9n est\u00e1 detenido el dirigente sampedrino Fernando Espindola a usado del mismo delito.<\/p>\n\n\n\n<p>Ahora las autoridades penitenciarias resolvieron trasladar de pabell\u00f3n a Cabaleyro debido a que en los \u00faltimos d\u00edas tuvo varios inconvenientes con presos oriundos de San Pedro y San Nicol\u00e1s qui\u00e9nes le recriminaron que \u00e9l ah\u00ed era uno m\u00e1s y que no ten\u00eda el poder que cre\u00eda mantener como cuando dirig\u00eda el gremio en libertad. Es m\u00e1s, lo culpan de haber sido el generador de varias ri\u00f1as que se dieron en est\u00e1s semanas.<\/p>\n\n\n\n<p>Claramente Cabaleyro ya perdi\u00f3 el liderazgo que supo tener y ahora deber\u00e1 acomodarse a los c\u00f3digos tumberos y la convivencia que exigen estos tipos de lugares.<\/p>\n","protected":false},"excerpt":{"rendered":"<p>El dirigente sindical se encuentra detenido en el Penal de San Nicol\u00e1s y cada vez le resulta m\u00e1s dif\u00edcil la convivencia con los dem\u00e1s presos. Pasan los d\u00edas y la permanencia de Maximiliano Cabaleyro en la Unidad Penal 3 de San Nicol\u00e1s se hace cada vez m\u00e1s dif\u00edcil. El dirigente del sindicato de Camioneros permanece [&hellip;]<\/p>\n","protected":false},"author":4,"featured_media":114103,"comment_status":"closed","ping_status":"closed","sticky":false,"template":"","format":"standard","meta":{"om_disable_all_campaigns":false,"_jetpack_memberships_contains_paid_content":false,"footnotes":""},"categories":[2],"tags":[197,696,33,19],"class_list":["post-114102","post","type-post","status-publish","format-standard","has-post-thumbnail","hentry","category-locales","tag-buenos-aires","tag-interes-general","tag-locales","tag-san-pedro"],"aioseo_notices":[],"gutentor_comment":0,"jetpack_featured_media_url":"https:\/\/eldiariodesanpedro.com.ar\/sitio\/wp-content\/uploads\/2023\/01\/0000021541-resized-1920x1080-1.jpg","jetpack_shortlink":"https:\/\/wp.me\/p6RhLt-tGm","jetpack_sharing_enabled":true,"_links":{"self":[{"href":"https:\/\/eldiariodesanpedro.com.ar\/sitio\/wp-json\/wp\/v2\/posts\/114102","targetHints":{"allow":["GET"]}}],"collection":[{"href":"https:\/\/eldiariodesanpedro.com.ar\/sitio\/wp-json\/wp\/v2\/posts"}],"about":[{"href":"https:\/\/eldiariodesanpedro.com.ar\/sitio\/wp-json\/wp\/v2\/types\/post"}],"author":[{"embeddable":true,"href":"https:\/\/eldiariodesanpedro.com.ar\/sitio\/wp-json\/wp\/v2\/users\/4"}],"replies":[{"embeddable":true,"href":"https:\/\/eldiariodesanpedro.com.ar\/sitio\/wp-json\/wp\/v2\/comments?post=114102"}],"version-history":[{"count":1,"href":"https:\/\/eldiariodesanpedro.com.ar\/sitio\/wp-json\/wp\/v2\/posts\/114102\/revisions"}],"predecessor-version":[{"id":114104,"href":"https:\/\/eldiariodesanpedro.com.ar\/sitio\/wp-json\/wp\/v2\/posts\/114102\/revisions\/114104"}],"wp:featuredmedia":[{"embeddable":true,"href":"https:\/\/eldiariodesanpedro.com.ar\/sitio\/wp-json\/wp\/v2\/media\/114103"}],"wp:attachment":[{"href":"https:\/\/eldiariodesanpedro.com.ar\/sitio\/wp-json\/wp\/v2\/media?parent=114102"}],"wp:term":[{"taxonomy":"category","embeddable":true,"href":"https:\/\/eldiariodesanpedro.com.ar\/sitio\/wp-json\/wp\/v2\/categories?post=114102"},{"taxonomy":"post_tag","embeddable":true,"href":"https:\/\/eldiariodesanpedro.com.ar\/sitio\/wp-json\/wp\/v2\/tags?post=114102"}],"curies":[{"name":"wp","href":"https:\/\/api.w.org\/{rel}","templated":true}]}}