{"id":114099,"date":"2023-01-13T10:47:50","date_gmt":"2023-01-13T13:47:50","guid":{"rendered":"https:\/\/eldiariodesanpedro.com.ar\/sitio\/?p=114099"},"modified":"2023-01-13T10:47:52","modified_gmt":"2023-01-13T13:47:52","slug":"el-intendente-salazar-participo-de-un-encuentro-con-el-presidente-alberto-fernandez","status":"publish","type":"post","link":"https:\/\/eldiariodesanpedro.com.ar\/sitio\/el-intendente-salazar-participo-de-un-encuentro-con-el-presidente-alberto-fernandez\/","title":{"rendered":"El intendente Salazar particip\u00f3 de un encuentro con el presidente Alberto Fern\u00e1ndez"},"content":{"rendered":"<!-- VideographyWP Plugin Message: Automatic video embedding prevented by plugin options. -->\n\n<p>El jefe comunal fue parte de una importante reuni\u00f3n de la que tambi\u00e9n formaron parte distintos funcionarios del gobierno nacional.<\/p>\n\n\n\n<p>El intendente municipal de San Pedro, Ram\u00f3n Salazar, particip\u00f3 de un encuentro con el presidente de la naci\u00f3n Alberto Fern\u00e1ndez. El mismo se desarroll\u00f3 en la localidad de los Cardales y estuvieron presentes mandatarios de la segunda secci\u00f3n electoral.<\/p>\n\n\n\n<p>El encuentro fue pensado desde el municipio de Exaltaci\u00f3n de la Cruz para agasajar al primer mandatario, pero se aprovech\u00f3 para pensar en el a\u00f1o que comienza.<\/p>\n\n\n\n<p>A Fern\u00e1ndez lo acompa\u00f1aron Gabriel Katopodis, ministro de Obras, el canciller Santiago Cafiero y Nicol\u00e1s Kreplak, ministro de salud.<\/p>\n\n\n\n<p>Esta vez el almuerzo sirvi\u00f3 para analizar la coyuntura y pensar en los desaf\u00edos que presentar\u00e1 este a\u00f1o.<\/p>\n\n\n\n<p>Fue un encuentro para conocer la realidad de cada distrito y seguir trabajando desde los municipios con Naci\u00f3n\u00bb, deslizaron dirigentes locales. Seg\u00fan trascendidos, el presidente los convoc\u00f3 a \u00abseguir trabajando juntos\u00bb y anticip\u00f3 que el 2023 \u00abser\u00e1 un a\u00f1o de crecimiento\u00bb. Adem\u00e1s del anfitri\u00f3n, Diego Nanni, estuvieron los jefes comunales de Pilar (Federico Ach\u00e1val), Salto (Ricardo Alessandro), San Pedro (Ram\u00f3n Salazar), Escobar (Carlos Ramil), Z\u00e1rate (Ariel R\u00edos) y de Col\u00f3n (Pablo Pino).<\/p>\n\n\n\n<p>Fuente: Infocielo<\/p>\n","protected":false},"excerpt":{"rendered":"<p>El jefe comunal fue parte de una importante reuni\u00f3n de la que tambi\u00e9n formaron parte distintos funcionarios del gobierno nacional. El intendente municipal de San Pedro, Ram\u00f3n Salazar, particip\u00f3 de un encuentro con el presidente de la naci\u00f3n Alberto Fern\u00e1ndez. El mismo se desarroll\u00f3 en la localidad de los Cardales y estuvieron presentes mandatarios de [&hellip;]<\/p>\n","protected":false},"author":4,"featured_media":114100,"comment_status":"closed","ping_status":"closed","sticky":false,"template":"","format":"standard","meta":{"om_disable_all_campaigns":false,"_jetpack_memberships_contains_paid_content":false,"footnotes":""},"categories":[2],"tags":[197,696,33,19],"class_list":["post-114099","post","type-post","status-publish","format-standard","has-post-thumbnail","hentry","category-locales","tag-buenos-aires","tag-interes-general","tag-locales","tag-san-pedro"],"aioseo_notices":[],"gutentor_comment":0,"jetpack_featured_media_url":"https:\/\/eldiariodesanpedro.com.ar\/sitio\/wp-content\/uploads\/2023\/01\/0000021542-resized-1920x1080-1.jpg","jetpack_shortlink":"https:\/\/wp.me\/p6RhLt-tGj","jetpack_sharing_enabled":true,"_links":{"self":[{"href":"https:\/\/eldiariodesanpedro.com.ar\/sitio\/wp-json\/wp\/v2\/posts\/114099","targetHints":{"allow":["GET"]}}],"collection":[{"href":"https:\/\/eldiariodesanpedro.com.ar\/sitio\/wp-json\/wp\/v2\/posts"}],"about":[{"href":"https:\/\/eldiariodesanpedro.com.ar\/sitio\/wp-json\/wp\/v2\/types\/post"}],"author":[{"embeddable":true,"href":"https:\/\/eldiariodesanpedro.com.ar\/sitio\/wp-json\/wp\/v2\/users\/4"}],"replies":[{"embeddable":true,"href":"https:\/\/eldiariodesanpedro.com.ar\/sitio\/wp-json\/wp\/v2\/comments?post=114099"}],"version-history":[{"count":1,"href":"https:\/\/eldiariodesanpedro.com.ar\/sitio\/wp-json\/wp\/v2\/posts\/114099\/revisions"}],"predecessor-version":[{"id":114101,"href":"https:\/\/eldiariodesanpedro.com.ar\/sitio\/wp-json\/wp\/v2\/posts\/114099\/revisions\/114101"}],"wp:featuredmedia":[{"embeddable":true,"href":"https:\/\/eldiariodesanpedro.com.ar\/sitio\/wp-json\/wp\/v2\/media\/114100"}],"wp:attachment":[{"href":"https:\/\/eldiariodesanpedro.com.ar\/sitio\/wp-json\/wp\/v2\/media?parent=114099"}],"wp:term":[{"taxonomy":"category","embeddable":true,"href":"https:\/\/eldiariodesanpedro.com.ar\/sitio\/wp-json\/wp\/v2\/categories?post=114099"},{"taxonomy":"post_tag","embeddable":true,"href":"https:\/\/eldiariodesanpedro.com.ar\/sitio\/wp-json\/wp\/v2\/tags?post=114099"}],"curies":[{"name":"wp","href":"https:\/\/api.w.org\/{rel}","templated":true}]}}