{"id":114083,"date":"2023-01-12T17:15:41","date_gmt":"2023-01-12T20:15:41","guid":{"rendered":"https:\/\/eldiariodesanpedro.com.ar\/sitio\/?p=114083"},"modified":"2023-01-12T17:15:45","modified_gmt":"2023-01-12T20:15:45","slug":"por-que-paso-fuerte-un-baden-un-pasajero-golpeo-salvajemente-a-un-chofer-de-colectivo","status":"publish","type":"post","link":"https:\/\/eldiariodesanpedro.com.ar\/sitio\/por-que-paso-fuerte-un-baden-un-pasajero-golpeo-salvajemente-a-un-chofer-de-colectivo\/","title":{"rendered":"Por que paso fuerte un bad\u00e9n un pasajero golpeo salvajemente a un chofer de colectivo"},"content":{"rendered":"<!-- VideographyWP Plugin Message: Automatic video embedding prevented by plugin options. -->\n\n<p>El hecho ocurri\u00f3 esta tarde de jueves cuando un colectivo de la empresa Chevallier Costera Metropolitana que venia ingresando a la ciudad por Av. Sarmiento  su chofer es golpeado por un pasajero enojado por haber pasado un poco fuerte un bad\u00e9n.<\/p>\n\n\n\n<p>Hoy pasadas las 16 hs en calle Sarmiento y Pav\u00f3n se hicieron presentes el personal de inspecci\u00f3n, SAME y y polic\u00eda por un gresca que ocurr\u00eda en plena calle entre chofer de un colectivo de la  empresa Chevallier Metropolitana y un pasajero que se dirig\u00eda a la ciudad de San Nicolas.<\/p>\n\n\n\n<p>Seg\u00fan nos explicaron al Diario de San Pedro otros pasajero que viajaban en el mismo micro todo ocurrido cuando calles atr\u00e1s en Sarmiento y Novillo el colectivero pasa por un bad\u00e9n de manera acelerada provocando que algunos pasajeros salen de sus asientos, entre ellos estaba un grupo de personas que hab\u00edan subido en la vecina localidad de Baradero y se dirig\u00edan hacia San Nicolas con conservadoras sillas y otros elementos de camping, entre el grupo de personas hab\u00eda mayores y muchos ni\u00f1os, uno de ellos de alrededor de 50 a\u00f1os enojado por el movimiento del rodado se dirige a reclamar al chofer y sin que nadie lo espere comenz\u00f3 a aplicarle golpes de pu\u00f1o durante tres cuadras hasta que pudo detener el colectivo y comenz\u00f3 una grezca entre las dos personas terminando en medio de la calle .<\/p>\n\n\n\n<p>La polic\u00eda  y el SAME se hizo presente para asistir al chofer herido.<\/p>\n","protected":false},"excerpt":{"rendered":"<p>El hecho ocurri\u00f3 esta tarde de jueves cuando un colectivo de la empresa Chevallier Costera Metropolitana que venia ingresando a la ciudad por Av. Sarmiento su chofer es golpeado por un pasajero enojado por haber pasado un poco fuerte un bad\u00e9n. Hoy pasadas las 16 hs en calle Sarmiento y Pav\u00f3n se hicieron presentes el [&hellip;]<\/p>\n","protected":false},"author":4,"featured_media":114084,"comment_status":"closed","ping_status":"closed","sticky":false,"template":"","format":"standard","meta":{"om_disable_all_campaigns":false,"_jetpack_memberships_contains_paid_content":false,"footnotes":""},"categories":[2],"tags":[197,33,95,19],"class_list":["post-114083","post","type-post","status-publish","format-standard","has-post-thumbnail","hentry","category-locales","tag-buenos-aires","tag-locales","tag-policiales","tag-san-pedro"],"aioseo_notices":[],"gutentor_comment":0,"jetpack_featured_media_url":"https:\/\/eldiariodesanpedro.com.ar\/sitio\/wp-content\/uploads\/2023\/01\/WhatsApp-Image-2023-01-12-at-17.14.12.jpeg","jetpack_shortlink":"https:\/\/wp.me\/p6RhLt-tG3","jetpack_sharing_enabled":true,"_links":{"self":[{"href":"https:\/\/eldiariodesanpedro.com.ar\/sitio\/wp-json\/wp\/v2\/posts\/114083","targetHints":{"allow":["GET"]}}],"collection":[{"href":"https:\/\/eldiariodesanpedro.com.ar\/sitio\/wp-json\/wp\/v2\/posts"}],"about":[{"href":"https:\/\/eldiariodesanpedro.com.ar\/sitio\/wp-json\/wp\/v2\/types\/post"}],"author":[{"embeddable":true,"href":"https:\/\/eldiariodesanpedro.com.ar\/sitio\/wp-json\/wp\/v2\/users\/4"}],"replies":[{"embeddable":true,"href":"https:\/\/eldiariodesanpedro.com.ar\/sitio\/wp-json\/wp\/v2\/comments?post=114083"}],"version-history":[{"count":1,"href":"https:\/\/eldiariodesanpedro.com.ar\/sitio\/wp-json\/wp\/v2\/posts\/114083\/revisions"}],"predecessor-version":[{"id":114085,"href":"https:\/\/eldiariodesanpedro.com.ar\/sitio\/wp-json\/wp\/v2\/posts\/114083\/revisions\/114085"}],"wp:featuredmedia":[{"embeddable":true,"href":"https:\/\/eldiariodesanpedro.com.ar\/sitio\/wp-json\/wp\/v2\/media\/114084"}],"wp:attachment":[{"href":"https:\/\/eldiariodesanpedro.com.ar\/sitio\/wp-json\/wp\/v2\/media?parent=114083"}],"wp:term":[{"taxonomy":"category","embeddable":true,"href":"https:\/\/eldiariodesanpedro.com.ar\/sitio\/wp-json\/wp\/v2\/categories?post=114083"},{"taxonomy":"post_tag","embeddable":true,"href":"https:\/\/eldiariodesanpedro.com.ar\/sitio\/wp-json\/wp\/v2\/tags?post=114083"}],"curies":[{"name":"wp","href":"https:\/\/api.w.org\/{rel}","templated":true}]}}