{"id":114080,"date":"2023-01-12T16:59:51","date_gmt":"2023-01-12T19:59:51","guid":{"rendered":"https:\/\/eldiariodesanpedro.com.ar\/sitio\/?p=114080"},"modified":"2023-01-12T16:59:52","modified_gmt":"2023-01-12T19:59:52","slug":"aprehendido-por-una-causa-de-estafa-por-un-celular","status":"publish","type":"post","link":"https:\/\/eldiariodesanpedro.com.ar\/sitio\/aprehendido-por-una-causa-de-estafa-por-un-celular\/","title":{"rendered":"Aprehendido por una causa de estafa por un celular"},"content":{"rendered":"<!-- VideographyWP Plugin Message: Automatic video embedding prevented by plugin options. -->\n\n<p>En el marco de un hecho de estafa denunciado d\u00edas atr\u00e1s, en el que resulta v\u00edctima una mujer de 31 a\u00f1os de edad, el personal policial del GTO tras tareas de investigaci\u00f3n diligencio orden de allanamiento a requerimiento de UFI nro. 11 a cargo Dra. Viviana Ramos, en un domicilio del barrio 104 viviendas, donde reside un masculino de 35 a\u00f1os, dando como resultado positivo ya que se logr\u00f3 secuestrar un tel\u00e9fono celular marca LG modelo K4, de color negro denunciado por la v\u00edctima, como as\u00ed se procedi\u00f3 a la aprehensi\u00f3n del imputado el cual fue notificado de la formaci\u00f3n de la causa y posteriormente recupero la libertad.<\/p>\n","protected":false},"excerpt":{"rendered":"<p>En el marco de un hecho de estafa denunciado d\u00edas atr\u00e1s, en el que resulta v\u00edctima una mujer de 31 a\u00f1os de edad, el personal policial del GTO tras tareas de investigaci\u00f3n diligencio orden de allanamiento a requerimiento de UFI nro. 11 a cargo Dra. Viviana Ramos, en un domicilio del barrio 104 viviendas, donde [&hellip;]<\/p>\n","protected":false},"author":4,"featured_media":114081,"comment_status":"closed","ping_status":"closed","sticky":false,"template":"","format":"standard","meta":{"om_disable_all_campaigns":false,"_jetpack_memberships_contains_paid_content":false,"footnotes":""},"categories":[2],"tags":[197,33,95,19],"class_list":["post-114080","post","type-post","status-publish","format-standard","has-post-thumbnail","hentry","category-locales","tag-buenos-aires","tag-locales","tag-policiales","tag-san-pedro"],"aioseo_notices":[],"gutentor_comment":0,"jetpack_featured_media_url":"https:\/\/eldiariodesanpedro.com.ar\/sitio\/wp-content\/uploads\/2023\/01\/medida-2-14.jpg","jetpack_shortlink":"https:\/\/wp.me\/p6RhLt-tG0","jetpack_sharing_enabled":true,"_links":{"self":[{"href":"https:\/\/eldiariodesanpedro.com.ar\/sitio\/wp-json\/wp\/v2\/posts\/114080","targetHints":{"allow":["GET"]}}],"collection":[{"href":"https:\/\/eldiariodesanpedro.com.ar\/sitio\/wp-json\/wp\/v2\/posts"}],"about":[{"href":"https:\/\/eldiariodesanpedro.com.ar\/sitio\/wp-json\/wp\/v2\/types\/post"}],"author":[{"embeddable":true,"href":"https:\/\/eldiariodesanpedro.com.ar\/sitio\/wp-json\/wp\/v2\/users\/4"}],"replies":[{"embeddable":true,"href":"https:\/\/eldiariodesanpedro.com.ar\/sitio\/wp-json\/wp\/v2\/comments?post=114080"}],"version-history":[{"count":1,"href":"https:\/\/eldiariodesanpedro.com.ar\/sitio\/wp-json\/wp\/v2\/posts\/114080\/revisions"}],"predecessor-version":[{"id":114082,"href":"https:\/\/eldiariodesanpedro.com.ar\/sitio\/wp-json\/wp\/v2\/posts\/114080\/revisions\/114082"}],"wp:featuredmedia":[{"embeddable":true,"href":"https:\/\/eldiariodesanpedro.com.ar\/sitio\/wp-json\/wp\/v2\/media\/114081"}],"wp:attachment":[{"href":"https:\/\/eldiariodesanpedro.com.ar\/sitio\/wp-json\/wp\/v2\/media?parent=114080"}],"wp:term":[{"taxonomy":"category","embeddable":true,"href":"https:\/\/eldiariodesanpedro.com.ar\/sitio\/wp-json\/wp\/v2\/categories?post=114080"},{"taxonomy":"post_tag","embeddable":true,"href":"https:\/\/eldiariodesanpedro.com.ar\/sitio\/wp-json\/wp\/v2\/tags?post=114080"}],"curies":[{"name":"wp","href":"https:\/\/api.w.org\/{rel}","templated":true}]}}