{"id":114077,"date":"2023-01-12T16:22:31","date_gmt":"2023-01-12T19:22:31","guid":{"rendered":"https:\/\/eldiariodesanpedro.com.ar\/sitio\/?p=114077"},"modified":"2023-01-12T16:22:33","modified_gmt":"2023-01-12T19:22:33","slug":"aprehendido-por-agredir-fisicamente-a-su-pareja-provocandole-lesiones","status":"publish","type":"post","link":"https:\/\/eldiariodesanpedro.com.ar\/sitio\/aprehendido-por-agredir-fisicamente-a-su-pareja-provocandole-lesiones\/","title":{"rendered":"Aprehendido por agredir f\u00edsicamente a su pareja provoc\u00e1ndole lesiones"},"content":{"rendered":"<!-- VideographyWP Plugin Message: Automatic video embedding prevented by plugin options. -->\n\n<p>Este martes pasado alrededor de las 08 hs el personal policial de la comisar\u00eda local a ra\u00edz de un llamado al 911 acude a calle Rafael Obligado al 3100 donde procede a la aprehensi\u00f3n de un masculino de 28 a\u00f1os quien instantes previos agrede f\u00edsicamente a su pareja de 25, debiendo ser asistida por ambulancia del SAME y trasladada a la guardia del hospital, con lesiones car\u00e1cter leves.<\/p>\n\n\n\n<p>La femenina posteriormente fue asistida en la comisaria de la mujer y la familia, mientras que el agresor fue notificado de la formaci\u00f3n de la causa, y luego de unas horas alojado en la dependencia, recupero la libertad.<\/p>\n","protected":false},"excerpt":{"rendered":"<p>Este martes pasado alrededor de las 08 hs el personal policial de la comisar\u00eda local a ra\u00edz de un llamado al 911 acude a calle Rafael Obligado al 3100 donde procede a la aprehensi\u00f3n de un masculino de 28 a\u00f1os quien instantes previos agrede f\u00edsicamente a su pareja de 25, debiendo ser asistida por ambulancia [&hellip;]<\/p>\n","protected":false},"author":4,"featured_media":114078,"comment_status":"closed","ping_status":"closed","sticky":false,"template":"","format":"standard","meta":{"om_disable_all_campaigns":false,"_jetpack_memberships_contains_paid_content":false,"footnotes":""},"categories":[2],"tags":[197,696,33,19],"class_list":["post-114077","post","type-post","status-publish","format-standard","has-post-thumbnail","hentry","category-locales","tag-buenos-aires","tag-interes-general","tag-locales","tag-san-pedro"],"aioseo_notices":[],"gutentor_comment":0,"jetpack_featured_media_url":"https:\/\/eldiariodesanpedro.com.ar\/sitio\/wp-content\/uploads\/2023\/01\/medida-2-13.jpg","jetpack_shortlink":"https:\/\/wp.me\/p6RhLt-tFX","jetpack_sharing_enabled":true,"_links":{"self":[{"href":"https:\/\/eldiariodesanpedro.com.ar\/sitio\/wp-json\/wp\/v2\/posts\/114077","targetHints":{"allow":["GET"]}}],"collection":[{"href":"https:\/\/eldiariodesanpedro.com.ar\/sitio\/wp-json\/wp\/v2\/posts"}],"about":[{"href":"https:\/\/eldiariodesanpedro.com.ar\/sitio\/wp-json\/wp\/v2\/types\/post"}],"author":[{"embeddable":true,"href":"https:\/\/eldiariodesanpedro.com.ar\/sitio\/wp-json\/wp\/v2\/users\/4"}],"replies":[{"embeddable":true,"href":"https:\/\/eldiariodesanpedro.com.ar\/sitio\/wp-json\/wp\/v2\/comments?post=114077"}],"version-history":[{"count":1,"href":"https:\/\/eldiariodesanpedro.com.ar\/sitio\/wp-json\/wp\/v2\/posts\/114077\/revisions"}],"predecessor-version":[{"id":114079,"href":"https:\/\/eldiariodesanpedro.com.ar\/sitio\/wp-json\/wp\/v2\/posts\/114077\/revisions\/114079"}],"wp:featuredmedia":[{"embeddable":true,"href":"https:\/\/eldiariodesanpedro.com.ar\/sitio\/wp-json\/wp\/v2\/media\/114078"}],"wp:attachment":[{"href":"https:\/\/eldiariodesanpedro.com.ar\/sitio\/wp-json\/wp\/v2\/media?parent=114077"}],"wp:term":[{"taxonomy":"category","embeddable":true,"href":"https:\/\/eldiariodesanpedro.com.ar\/sitio\/wp-json\/wp\/v2\/categories?post=114077"},{"taxonomy":"post_tag","embeddable":true,"href":"https:\/\/eldiariodesanpedro.com.ar\/sitio\/wp-json\/wp\/v2\/tags?post=114077"}],"curies":[{"name":"wp","href":"https:\/\/api.w.org\/{rel}","templated":true}]}}